{"id":38004,"date":"2023-02-05T19:00:40","date_gmt":"2023-02-05T22:00:40","guid":{"rendered":"https:\/\/corrientesdetarde.com\/?p=38004"},"modified":"2023-02-05T19:00:44","modified_gmt":"2023-02-05T22:00:44","slug":"saladas-deslumbro-con-su-segunda-noche-de-carnaval","status":"publish","type":"post","link":"https:\/\/corrientesdetarde.com\/index.php\/eventos\/saladas-deslumbro-con-su-segunda-noche-de-carnaval\/","title":{"rendered":"Saladas deslumbr\u00f3 con su segunda noche de carnaval."},"content":{"rendered":"\n<h2 class=\"wp-block-heading\">En una nueva presentaci\u00f3n y con un nivel importante de las comparsas y agrupaciones musicales, pas\u00f3 la segunda gala puntuable del momo 2023, ante miles de salade\u00f1os y turistas de diferentes puntos del pa\u00eds que disfrutaron de esta nueva etapa del carnaval en el &#8220;Pedro Pablo Ignacio&#8221;.<\/h2>\n\n\n\n<p>El intendente Noel G\u00f3mez, acompa\u00f1ado de su par de Empedrado, Jos\u00e9 Cheme, disfrut\u00f3 y apoy\u00f3 a todos los protagonistas con aplausos y aliento, ratificando que el carnaval es una pol\u00edtica de estado para la gesti\u00f3n municipal, y que pretende ser una industria durante todo el a\u00f1o.<br>\u00a0<br>Al igual que en la noche inicial, la jornada comenz\u00f3 a las 23 horas, esta vez con la apertura de Sambatuque. La agrupaci\u00f3n musical que presenta &#8220;Circus&#8221; y celebra sus 25 a\u00f1os en el carnaval, hizo estallar a todos de emoci\u00f3n con un sentido homenaje a don Pedro Almir\u00f3n, quien fuera en vida padre de uno de los directores de bater\u00eda de la &#8220;m\u00e1quina del sonido&#8221; y parte fundamental.<br>\u00a0<br>Tras la &#8220;Nueva Humor\u00edstica&#8221; continu\u00f3 la competencia, con la llegada de Carisma Show a la avenida y su tem\u00e1tica &#8220;Buenos Aires&#8221;, muy bien representado en toda su expresi\u00f3n; al igual que Iber\u00e1 y su tema &#8220;Namast\u00e9&#8221;, haciendo bailar a todos los presentes.<br>\u00a0<br>En otro intervalo del evento, se present\u00f3 Serruchazo, la otra agrupaci\u00f3n humor\u00edstica que corrigi\u00f3 detalles t\u00e9cnicos del debut y pudo hacer re\u00edr al p\u00fablico, porque estos grupos tambi\u00e9n forman parte de esta fiesta.<br>\u00a0<br>Y nuevamente Xang\u00f3 con &#8220;Coronados de Gloria&#8221;, brind\u00f3 un desfile impecable defendiendo la triple corona que posee en la especialidad, y el cierre total con &#8220;M\u00e9xico&#8221; de Co\u00e9 Ber\u00e1, que tuvo la doble responsabilidad: hacer bailar a la multitud y clausurar la segunda gala.<br>\u00a0<br>La tercera y \u00faltima noche puntuable tendr\u00e1 lugar el pr\u00f3ximo s\u00e1bado 11 de febrero en el mismo escenario.<\/p>\n\n\n\n<p><\/p>\n\n\n\n<p>Fuente: Radio Dos.<\/p>\n","protected":false},"excerpt":{"rendered":"<p>En una nueva presentaci\u00f3n y con un nivel importante de las comparsas y agrupaciones musicales, pas\u00f3 la segunda gala puntuable del momo 2023, ante miles de salade\u00f1os y turistas de&hellip; <\/p>\n","protected":false},"author":6,"featured_media":38005,"comment_status":"closed","ping_status":"open","sticky":false,"template":"","format":"standard","meta":{"footnotes":""},"categories":[22],"tags":[],"class_list":["post-38004","post","type-post","status-publish","format-standard","has-post-thumbnail","hentry","category-eventos"],"_links":{"self":[{"href":"https:\/\/corrientesdetarde.com\/index.php\/wp-json\/wp\/v2\/posts\/38004","targetHints":{"allow":["GET"]}}],"collection":[{"href":"https:\/\/corrientesdetarde.com\/index.php\/wp-json\/wp\/v2\/posts"}],"about":[{"href":"https:\/\/corrientesdetarde.com\/index.php\/wp-json\/wp\/v2\/types\/post"}],"author":[{"embeddable":true,"href":"https:\/\/corrientesdetarde.com\/index.php\/wp-json\/wp\/v2\/users\/6"}],"replies":[{"embeddable":true,"href":"https:\/\/corrientesdetarde.com\/index.php\/wp-json\/wp\/v2\/comments?post=38004"}],"version-history":[{"count":1,"href":"https:\/\/corrientesdetarde.com\/index.php\/wp-json\/wp\/v2\/posts\/38004\/revisions"}],"predecessor-version":[{"id":38006,"href":"https:\/\/corrientesdetarde.com\/index.php\/wp-json\/wp\/v2\/posts\/38004\/revisions\/38006"}],"wp:featuredmedia":[{"embeddable":true,"href":"https:\/\/corrientesdetarde.com\/index.php\/wp-json\/wp\/v2\/media\/38005"}],"wp:attachment":[{"href":"https:\/\/corrientesdetarde.com\/index.php\/wp-json\/wp\/v2\/media?parent=38004"}],"wp:term":[{"taxonomy":"category","embeddable":true,"href":"https:\/\/corrientesdetarde.com\/index.php\/wp-json\/wp\/v2\/categories?post=38004"},{"taxonomy":"post_tag","embeddable":true,"href":"https:\/\/corrientesdetarde.com\/index.php\/wp-json\/wp\/v2\/tags?post=38004"}],"curies":[{"name":"wp","href":"https:\/\/api.w.org\/{rel}","templated":true}]}}