{"id":38007,"date":"2023-02-05T19:16:11","date_gmt":"2023-02-05T22:16:11","guid":{"rendered":"https:\/\/corrientesdetarde.com\/?p=38007"},"modified":"2023-02-05T19:16:14","modified_gmt":"2023-02-05T22:16:14","slug":"dos-facciones-de-la-barrabrava-de-huracan-protagonizaron-un-enfrentamiento-en-el-corso-de-parque-patricios","status":"publish","type":"post","link":"https:\/\/corrientesdetarde.com\/index.php\/deportes\/dos-facciones-de-la-barrabrava-de-huracan-protagonizaron-un-enfrentamiento-en-el-corso-de-parque-patricios\/","title":{"rendered":"Dos facciones de la barrabrava de Hurac\u00e1n protagonizaron un enfrentamiento en el corso de Parque Patricios."},"content":{"rendered":"\n<h2 class=\"wp-block-heading\">Dos facciones se enfrentaron en el festejo de carnaval, mientras los ni\u00f1os disfrutaban de las murgas.<\/h2>\n\n\n\n<p>Cada febrero en la<strong>\u00a0Ciudad Aut\u00f3noma de Buenos Aires\u00a0<\/strong>se celebra el carnaval. En el\u00a0corso\u00a0de\u00a0<strong>Parque Patricios<\/strong>\u00a0se enfrentaron dos facciones de la barrabrava de\u00a0<strong>Hurac\u00e1n\u00a0<\/strong>y se acab\u00f3 la fiesta. Hubo p\u00e1nico entre las familias, que se fueron r\u00e1pidamente.<\/p>\n\n\n\n<p>La&nbsp;<strong>Murga Plaza Espa\u00f1a<\/strong>&nbsp;ten\u00eda que hacer su presentaci\u00f3n. Algunos integrantes del conjunto son parte de la hinchada del Globo y se encontraron con otros fan\u00e1ticos, miembros de otra banda dentro de la misma tribuna.<\/p>\n\n\n\n<p>No est\u00e1 claro si una de las facciones fue a buscar a los murguistas, aunque lo cierto es el desenlace:&nbsp;<strong>se pelearon brutalmente delante de familias enteras<\/strong>, mientras los ni\u00f1os disfrutaban de la m\u00fasica y jugaban con la espuma.<\/p>\n\n\n\n<p>En el corso de avenida Caseros, entre La Rioja y 24 de noviembre, los hinchas de Hurac\u00e1n se enfrentaron ferozmente:&nbsp;<strong>muchos pegaron con palos, algunos revolearon sillas&nbsp;<\/strong>y otros se agarraron a las trompadas.<\/p>\n\n\n\n<p>Las familias que estaban disfrutando del color de los trajes, los bailes al comp\u00e1s de la m\u00fasica y la espuma caracter\u00edstica de las calles porte\u00f1as en pleno carnaval, tuvieron que correr despavoridos cuando se desat\u00f3 la pelea.<\/p>\n\n\n\n<p>Seg\u00fan trascendi\u00f3,&nbsp;<strong>no hubo heridos ni detenidos<\/strong>. Simplemente se gener\u00f3 la disputa y cuando termin\u00f3, cada facci\u00f3n de la barrabrava se fue por su lado.<\/p>\n\n\n\n<h2 class=\"wp-block-heading\">\u00bfCu\u00e1ndo juegan Hurac\u00e1n contra Banfield?<\/h2>\n\n\n\n<p>El partido ser\u00e1 este lunes 6 de febrero a las 21.30 en el estadio Tom\u00e1s Adolfo Duc\u00f3.<\/p>\n\n\n\n<h2 class=\"wp-block-heading\">\u00bfQui\u00e9n ser\u00e1 el \u00e1rbitro de Hurac\u00e1n contra Banfield?<\/h2>\n\n\n\n<p>El \u00e1rbitro del partido ser\u00e1 Pablo Echavarr\u00eda.<\/p>\n\n\n\n<h2 class=\"wp-block-heading\">\u00bfQu\u00e9 canal transmite Hurac\u00e1n vs Banfield?<\/h2>\n\n\n\n<p>El duelo ser\u00e1 televisado por TNT Sports. Es necesario tener contratado el pack f\u00fatbol para ver el partido.<\/p>\n\n\n\n<p><\/p>\n\n\n\n<p>Fuente: Todo Noticias.<\/p>\n\n\n\n<p><\/p>\n","protected":false},"excerpt":{"rendered":"<p>Dos facciones se enfrentaron en el festejo de carnaval, mientras los ni\u00f1os disfrutaban de las murgas. Cada febrero en la\u00a0Ciudad Aut\u00f3noma de Buenos Aires\u00a0se celebra el carnaval. En el\u00a0corso\u00a0de\u00a0Parque Patricios\u00a0se&hellip; <\/p>\n","protected":false},"author":6,"featured_media":38008,"comment_status":"closed","ping_status":"open","sticky":false,"template":"","format":"standard","meta":{"footnotes":""},"categories":[4],"tags":[],"class_list":["post-38007","post","type-post","status-publish","format-standard","has-post-thumbnail","hentry","category-deportes"],"_links":{"self":[{"href":"https:\/\/corrientesdetarde.com\/index.php\/wp-json\/wp\/v2\/posts\/38007","targetHints":{"allow":["GET"]}}],"collection":[{"href":"https:\/\/corrientesdetarde.com\/index.php\/wp-json\/wp\/v2\/posts"}],"about":[{"href":"https:\/\/corrientesdetarde.com\/index.php\/wp-json\/wp\/v2\/types\/post"}],"author":[{"embeddable":true,"href":"https:\/\/corrientesdetarde.com\/index.php\/wp-json\/wp\/v2\/users\/6"}],"replies":[{"embeddable":true,"href":"https:\/\/corrientesdetarde.com\/index.php\/wp-json\/wp\/v2\/comments?post=38007"}],"version-history":[{"count":1,"href":"https:\/\/corrientesdetarde.com\/index.php\/wp-json\/wp\/v2\/posts\/38007\/revisions"}],"predecessor-version":[{"id":38009,"href":"https:\/\/corrientesdetarde.com\/index.php\/wp-json\/wp\/v2\/posts\/38007\/revisions\/38009"}],"wp:featuredmedia":[{"embeddable":true,"href":"https:\/\/corrientesdetarde.com\/index.php\/wp-json\/wp\/v2\/media\/38008"}],"wp:attachment":[{"href":"https:\/\/corrientesdetarde.com\/index.php\/wp-json\/wp\/v2\/media?parent=38007"}],"wp:term":[{"taxonomy":"category","embeddable":true,"href":"https:\/\/corrientesdetarde.com\/index.php\/wp-json\/wp\/v2\/categories?post=38007"},{"taxonomy":"post_tag","embeddable":true,"href":"https:\/\/corrientesdetarde.com\/index.php\/wp-json\/wp\/v2\/tags?post=38007"}],"curies":[{"name":"wp","href":"https:\/\/api.w.org\/{rel}","templated":true}]}}