{"id":38081,"date":"2023-02-06T10:31:06","date_gmt":"2023-02-06T13:31:06","guid":{"rendered":"https:\/\/corrientesdetarde.com\/?p=38081"},"modified":"2023-02-06T10:31:10","modified_gmt":"2023-02-06T13:31:10","slug":"fuertes-quejas-por-el-estado-de-los-banos-del-corsodromo-de-corrientes","status":"publish","type":"post","link":"https:\/\/corrientesdetarde.com\/index.php\/locales\/fuertes-quejas-por-el-estado-de-los-banos-del-corsodromo-de-corrientes\/","title":{"rendered":"Fuertes quejas por el estado de los ba\u00f1os del Cors\u00f3dromo de CorrienteS"},"content":{"rendered":"\n<p>Los Carnavales Correntinos siguen transitado serios inconvenientes en su edici\u00f3n 2023. El evento no logra desplegar el brillo que se merece y desatan cr\u00edticas de los pocos asistentes que llegan.<\/p>\n\n\n\n<p>Este fin de semana se desarrollaron dos nuevas fechas de los Carnavales de Corrientes. Pero en su complicada edici\u00f3n 2023 los problemas siguen present\u00e1ndose y generando inconvenientes entre los asistentes.<\/p>\n\n\n\n<p>Una vez m\u00e1s las tribunas lucieron despobladas por el escaso apoyo que reciben del p\u00fablico, esto se observa especialmente en el inicio y el final de la &#8220;avenida&#8221;. Pero durante este viernes y s\u00e1bado el panorama volvi\u00f3 a complicarse entre los pocos presentes.<\/p>\n\n\n\n<p>Es que hubo serios inconvenientes durante el fin de semana con los ba\u00f1os qu\u00edmicos. Seg\u00fan se denunci\u00f3 a trav\u00e9s de las redes sociales no s\u00f3lo son pocos los sanitarios sino que no reciben la limpieza adecuada.<\/p>\n\n\n\n<p>Desde tempranas horas del viernes y el s\u00e1bado la zona de ba\u00f1os ya estaba con largas filas y con las habit\u00e1culos sucios. Esto generaba fuertes olores que llegaban a diferentes puntos del &#8220;Nolo Al\u00edas&#8221;.<\/p>\n\n\n\n<p>El reclamo tambi\u00e9n se centraba en que si con los pocos asistentes que concurrieron en estas 4 fechas hay problemas en los ba\u00f1os qu\u00e9 pasar\u00eda si la afluencia mejora durante las pr\u00f3ximas jornadas. La situaci\u00f3n podr\u00eda ser peor y m\u00e1s problem\u00e1tica.<\/p>\n\n\n\n<p>Esto se suma a las protestas de los vecinos de la zona por los problemas que sufren cotidianamente.&nbsp;<\/p>\n\n\n\n<p>Vale mencionar que el pasado viernes 27 un grupo de comparseros de Sapucay terminaron con graves heridas por la ca\u00edda desde un carro. Uno de ellos debi\u00f3 ser operado de urgencia por las fracturas que sufri\u00f3.<\/p>\n\n\n\n<p>Mientras que el s\u00e1bado 28, integrantes de Kamandukahia terminaron intoxicados por consumir el agua del galp\u00f3n. Los trasladaron hasta los Hospitales Llano y Vidal para recibir la atenci\u00f3n m\u00e9dica correspondiente.<\/p>\n\n\n\n<figure class=\"wp-block-image\"><img decoding=\"async\" src=\"https:\/\/www.lt7noticias.com\/content\/bucket\/7\/41587w770h639c.jpg.webp\" alt=\"\"\/><\/figure>\n","protected":false},"excerpt":{"rendered":"<p>Los Carnavales Correntinos siguen transitado serios inconvenientes en su edici\u00f3n 2023. El evento no logra desplegar el brillo que se merece y desatan cr\u00edticas de los pocos asistentes que llegan.&hellip; <\/p>\n","protected":false},"author":4,"featured_media":38149,"comment_status":"closed","ping_status":"open","sticky":false,"template":"","format":"standard","meta":{"footnotes":""},"categories":[8],"tags":[],"class_list":["post-38081","post","type-post","status-publish","format-standard","has-post-thumbnail","hentry","category-locales"],"_links":{"self":[{"href":"https:\/\/corrientesdetarde.com\/index.php\/wp-json\/wp\/v2\/posts\/38081","targetHints":{"allow":["GET"]}}],"collection":[{"href":"https:\/\/corrientesdetarde.com\/index.php\/wp-json\/wp\/v2\/posts"}],"about":[{"href":"https:\/\/corrientesdetarde.com\/index.php\/wp-json\/wp\/v2\/types\/post"}],"author":[{"embeddable":true,"href":"https:\/\/corrientesdetarde.com\/index.php\/wp-json\/wp\/v2\/users\/4"}],"replies":[{"embeddable":true,"href":"https:\/\/corrientesdetarde.com\/index.php\/wp-json\/wp\/v2\/comments?post=38081"}],"version-history":[{"count":1,"href":"https:\/\/corrientesdetarde.com\/index.php\/wp-json\/wp\/v2\/posts\/38081\/revisions"}],"predecessor-version":[{"id":38150,"href":"https:\/\/corrientesdetarde.com\/index.php\/wp-json\/wp\/v2\/posts\/38081\/revisions\/38150"}],"wp:featuredmedia":[{"embeddable":true,"href":"https:\/\/corrientesdetarde.com\/index.php\/wp-json\/wp\/v2\/media\/38149"}],"wp:attachment":[{"href":"https:\/\/corrientesdetarde.com\/index.php\/wp-json\/wp\/v2\/media?parent=38081"}],"wp:term":[{"taxonomy":"category","embeddable":true,"href":"https:\/\/corrientesdetarde.com\/index.php\/wp-json\/wp\/v2\/categories?post=38081"},{"taxonomy":"post_tag","embeddable":true,"href":"https:\/\/corrientesdetarde.com\/index.php\/wp-json\/wp\/v2\/tags?post=38081"}],"curies":[{"name":"wp","href":"https:\/\/api.w.org\/{rel}","templated":true}]}}