{"id":38082,"date":"2023-02-06T09:39:34","date_gmt":"2023-02-06T12:39:34","guid":{"rendered":"https:\/\/corrientesdetarde.com\/?p=38082"},"modified":"2023-02-06T09:39:37","modified_gmt":"2023-02-06T12:39:37","slug":"que-haran-en-el-espacio-donde-estaba-el-anfiteatro-jose-hernandez-tras-su-demolicion","status":"publish","type":"post","link":"https:\/\/corrientesdetarde.com\/index.php\/locales\/que-haran-en-el-espacio-donde-estaba-el-anfiteatro-jose-hernandez-tras-su-demolicion\/","title":{"rendered":"Qu\u00e9 har\u00e1n en el espacio donde estaba el\u00a0Anfiteatro Jos\u00e9 Hern\u00e1ndez tras su demolici\u00f3n"},"content":{"rendered":"\n<p>El hist\u00f3rico escenario de la Costanera y Pago Largo fue derribado. Ahora se encuentra en un complejo proceso de remodelaci\u00f3n.<\/p>\n\n\n\n<p>El Anfiteatro Jos\u00e9 Hern\u00e1ndez fue demolido para construir un nuevo lugar de espect\u00e1culos p\u00fablicos. El hecho desat\u00f3 la preocupaci\u00f3n de los vecinos al descubrir que el hist\u00f3rico sitio fue intervenido y que no quedaban rastros de su estructura. Seg\u00fan pudo averiguar El Litoral, en el lugar se realizar\u00e1 una renovaci\u00f3n total de la plazoleta.&nbsp;<\/p>\n\n\n\n<p>El anfiteatro fue inaugurada en 1944 y durante 79 a\u00f1os el espacio fue lugar de grandes eventos en la capital correntina. Esta semana, se cerc\u00f3 toda la plazoleta y se derrib\u00f3 la antigua estructura ubicada por Avenida Costanera General San Mart\u00edn y Pago Largo.&nbsp;<\/p>\n\n\n\n<p>La destrucci\u00f3n completa del lugar provoc\u00f3 el asombro de los capitalinos que recordaban con a\u00f1oranza el antiguo espacio p\u00fablico. Seg\u00fan lo se\u00f1alado por el Ministerio de Obras y Servicios P\u00fablicos (Mosp) a El Litoral, se realizar\u00e1n obras de puesta en valor para la recuperaci\u00f3n del espacio en el que se puedan realizar espect\u00e1culos reducidos.&nbsp;<\/p>\n\n\n\n<p>El nuevo proyecto a ejecutar, contar\u00e1 con una intervenci\u00f3n integral del parque con escalinatas y equipamiento para alojar con mayor eficiencia los espect\u00e1culos p\u00fablicos. Adem\u00e1s, se adecuar\u00e1n luminarias, nuevos senderos, sectores de estar y puestos aer\u00f3bicos para pr\u00e1cticas deportivas.&nbsp;<\/p>\n\n\n\n<p>Una semana atr\u00e1s la coordinadora de proyectos del Ministerio de Obras y Servicios P\u00fablicos (Mosp), Gisela Gaspar, hab\u00eda se\u00f1alado a El Litoral que: &#8220;El anfiteatro ya fue vallado y ahora est\u00e1n en proceso de demolici\u00f3n del piso, ya que presenta unos desniveles; se saca y luego se repone con las nuevas losetas&#8221;. La primera parte de los trabajos tienen una duraci\u00f3n de 60 d\u00edas.<\/p>\n\n\n\n<p>La obra forma parte del mejoramiento del circuito Hist\u00f3rico y Cultural \u00d1anderec\u00f3 que lleva la provincia de Corrientes, fue financiada por un pr\u00e9stamo del Banco Interamericano de Desarrollo (BID), y cuenta con un presupuesto de $328.678.699 incluyendo fondos provinciales como es el caso de los trabajos realizados en el paseo del anfiteatro.&nbsp;<\/p>\n\n\n\n<p>Este proyecto est\u00e1 en pleno proceso y en el sector del anfiteatro anteriormente se coloraron veredas perimetrales sobre las calles Jun\u00edn, Don Bosco y Pago Largo. Esto incluy\u00f3 los senderos internos, la adecuaci\u00f3n de iluminaci\u00f3n con columnas de iluminaci\u00f3n led y equipamiento urbano.&nbsp;<\/p>\n\n\n\n<p>La \u00faltima reforma que tuvo la plazoleta fue hace 4 a\u00f1os, con una puesta en valor del circuito de recreaci\u00f3n, con una restauraci\u00f3n de la infraestructura y de la incorporaci\u00f3n de murales. Estos presentaban bocetos basados en los poemas del libro Mart\u00edn Fierro del poeta Jos\u00e9 Hern\u00e1ndez y pintadas gauchescas.&nbsp;<\/p>\n","protected":false},"excerpt":{"rendered":"<p>El hist\u00f3rico escenario de la Costanera y Pago Largo fue derribado. Ahora se encuentra en un complejo proceso de remodelaci\u00f3n. El Anfiteatro Jos\u00e9 Hern\u00e1ndez fue demolido para construir un nuevo&hellip; <\/p>\n","protected":false},"author":4,"featured_media":38108,"comment_status":"closed","ping_status":"open","sticky":false,"template":"","format":"standard","meta":{"footnotes":""},"categories":[8],"tags":[],"class_list":["post-38082","post","type-post","status-publish","format-standard","has-post-thumbnail","hentry","category-locales"],"_links":{"self":[{"href":"https:\/\/corrientesdetarde.com\/index.php\/wp-json\/wp\/v2\/posts\/38082","targetHints":{"allow":["GET"]}}],"collection":[{"href":"https:\/\/corrientesdetarde.com\/index.php\/wp-json\/wp\/v2\/posts"}],"about":[{"href":"https:\/\/corrientesdetarde.com\/index.php\/wp-json\/wp\/v2\/types\/post"}],"author":[{"embeddable":true,"href":"https:\/\/corrientesdetarde.com\/index.php\/wp-json\/wp\/v2\/users\/4"}],"replies":[{"embeddable":true,"href":"https:\/\/corrientesdetarde.com\/index.php\/wp-json\/wp\/v2\/comments?post=38082"}],"version-history":[{"count":1,"href":"https:\/\/corrientesdetarde.com\/index.php\/wp-json\/wp\/v2\/posts\/38082\/revisions"}],"predecessor-version":[{"id":38109,"href":"https:\/\/corrientesdetarde.com\/index.php\/wp-json\/wp\/v2\/posts\/38082\/revisions\/38109"}],"wp:featuredmedia":[{"embeddable":true,"href":"https:\/\/corrientesdetarde.com\/index.php\/wp-json\/wp\/v2\/media\/38108"}],"wp:attachment":[{"href":"https:\/\/corrientesdetarde.com\/index.php\/wp-json\/wp\/v2\/media?parent=38082"}],"wp:term":[{"taxonomy":"category","embeddable":true,"href":"https:\/\/corrientesdetarde.com\/index.php\/wp-json\/wp\/v2\/categories?post=38082"},{"taxonomy":"post_tag","embeddable":true,"href":"https:\/\/corrientesdetarde.com\/index.php\/wp-json\/wp\/v2\/tags?post=38082"}],"curies":[{"name":"wp","href":"https:\/\/api.w.org\/{rel}","templated":true}]}}