{"id":38089,"date":"2023-02-06T08:37:31","date_gmt":"2023-02-06T11:37:31","guid":{"rendered":"https:\/\/corrientesdetarde.com\/?p=38089"},"modified":"2023-02-06T08:37:34","modified_gmt":"2023-02-06T11:37:34","slug":"chaco-un-enfermero-fue-atacado-por-ladrones-cuando-salia-de-trabajar","status":"publish","type":"post","link":"https:\/\/corrientesdetarde.com\/index.php\/crimen-y-justicia\/chaco-un-enfermero-fue-atacado-por-ladrones-cuando-salia-de-trabajar\/","title":{"rendered":"Chaco: un enfermero fue atacado por ladrones cuando sal\u00eda de trabajaR"},"content":{"rendered":"\n<p>El trabajador de Salud fue rodeado por tres delincuentes que se desplazaban en una moto. Lo golpearon en el rostro hasta dejarlo tirado.<\/p>\n\n\n\n<p>El hecho ocurri\u00f3 este fin de semana en avenida 1 y calle 16 del centro de S\u00e1enz Pe\u00f1a, provincia del Chaco. Un enfermero fue sorprendido por tres delincuentes a bordo de una motocicleta, quienes lo golpearon en el rostro hasta dejarlo tirado en el suelo.<\/p>\n\n\n\n<p>Una vez tirado en el suelo, los ladrones aprovecharon para sustraerle su tel\u00e9fono celular, una billetera que conten\u00eda documentos varios y $8.000. Luego de eso se dieron a la fuga en el mismo rodado.<\/p>\n\n\n\n<p>Posteriormente, seg\u00fan asegur\u00f3 la propia polic\u00eda, en recorrida de prevenci\u00f3n unos agentes detuvieron a un joven de 23 a\u00f1os y en su poder secuestraron un tel\u00e9fono celular y un arma blanca.<\/p>\n\n\n\n<p>Minutos despu\u00e9s supieron que el tel\u00e9fono secuestrado pertenec\u00eda al enfermero que horas antes hab\u00eda sido atacado por tres motochorros.<\/p>\n\n\n\n<p>El fiscal en turno dispuso la aprehensi\u00f3n y mantenimiento de detenci\u00f3n del joven, mientras que el tel\u00e9fono celular fue restituido a su propietario bajo acta de reconocimiento.<\/p>\n","protected":false},"excerpt":{"rendered":"<p>El trabajador de Salud fue rodeado por tres delincuentes que se desplazaban en una moto. Lo golpearon en el rostro hasta dejarlo tirado. El hecho ocurri\u00f3 este fin de semana&hellip; <\/p>\n","protected":false},"author":4,"featured_media":38090,"comment_status":"closed","ping_status":"open","sticky":false,"template":"","format":"standard","meta":{"footnotes":""},"categories":[5],"tags":[],"class_list":["post-38089","post","type-post","status-publish","format-standard","has-post-thumbnail","hentry","category-crimen-y-justicia"],"_links":{"self":[{"href":"https:\/\/corrientesdetarde.com\/index.php\/wp-json\/wp\/v2\/posts\/38089","targetHints":{"allow":["GET"]}}],"collection":[{"href":"https:\/\/corrientesdetarde.com\/index.php\/wp-json\/wp\/v2\/posts"}],"about":[{"href":"https:\/\/corrientesdetarde.com\/index.php\/wp-json\/wp\/v2\/types\/post"}],"author":[{"embeddable":true,"href":"https:\/\/corrientesdetarde.com\/index.php\/wp-json\/wp\/v2\/users\/4"}],"replies":[{"embeddable":true,"href":"https:\/\/corrientesdetarde.com\/index.php\/wp-json\/wp\/v2\/comments?post=38089"}],"version-history":[{"count":1,"href":"https:\/\/corrientesdetarde.com\/index.php\/wp-json\/wp\/v2\/posts\/38089\/revisions"}],"predecessor-version":[{"id":38091,"href":"https:\/\/corrientesdetarde.com\/index.php\/wp-json\/wp\/v2\/posts\/38089\/revisions\/38091"}],"wp:featuredmedia":[{"embeddable":true,"href":"https:\/\/corrientesdetarde.com\/index.php\/wp-json\/wp\/v2\/media\/38090"}],"wp:attachment":[{"href":"https:\/\/corrientesdetarde.com\/index.php\/wp-json\/wp\/v2\/media?parent=38089"}],"wp:term":[{"taxonomy":"category","embeddable":true,"href":"https:\/\/corrientesdetarde.com\/index.php\/wp-json\/wp\/v2\/categories?post=38089"},{"taxonomy":"post_tag","embeddable":true,"href":"https:\/\/corrientesdetarde.com\/index.php\/wp-json\/wp\/v2\/tags?post=38089"}],"curies":[{"name":"wp","href":"https:\/\/api.w.org\/{rel}","templated":true}]}}