{"id":38092,"date":"2023-02-06T08:42:50","date_gmt":"2023-02-06T11:42:50","guid":{"rendered":"https:\/\/corrientesdetarde.com\/?p=38092"},"modified":"2023-02-06T08:42:56","modified_gmt":"2023-02-06T11:42:56","slug":"corrientes-se-encuentra-bajo-riesgo-de-fuego-extremo-cuales-son-las-zonas-mas-comprometidas","status":"publish","type":"post","link":"https:\/\/corrientesdetarde.com\/index.php\/actualidad\/corrientes-se-encuentra-bajo-riesgo-de-fuego-extremo-cuales-son-las-zonas-mas-comprometidas\/","title":{"rendered":"Corrientes se encuentra bajo riesgo de fuego extremo: cu\u00e1les son las zonas m\u00e1s comprometidas"},"content":{"rendered":"\n<p>Desde la Direcci\u00f3n de Recursos Forestales dieron a conocer informaci\u00f3n actualizada respecto a la situaci\u00f3n en la provincia.<\/p>\n\n\n\n<p>Este domingo, desde la Direcci\u00f3n de Recursos Forestales del Ministerio de Producci\u00f3n de Corrientes, brindaron su informe diario respecto a los \u00edndices de riesgo de fuego en las diferentes localidades de la provincia.<\/p>\n\n\n\n<p>Las zonas que se encuentran bajo alerta extrema por posibilidad de incendios son: Paso de los Libres, Corrientes, Monte Caseros y Esquina. Con \u00edndice de riesgo muy alto est\u00e1n Bella Vista, San Miguel, Virasoro, Mercedes,&nbsp; Chavarria y La Cruz.<\/p>\n\n\n\n<figure class=\"wp-block-image\"><img decoding=\"async\" src=\"https:\/\/www.lt7noticias.com\/content\/bucket\/5\/41545w646h503c.jpg.webp\" alt=\"\"\/><\/figure>\n\n\n\n<p>Cabe recordar que el Riesgo de Incendio se define como la probabilidad de que se produzca un incendio en una zona. La conjunci\u00f3n de la Peligrosidad y de la Frecuencia-causalidad permite determinar dicho riesgo.<\/p>\n\n\n\n<p>Ante la falta de lluvias y los muy altos indicadores de peligro de incendios, se recuerda que est\u00e1 proh\u00edbido en Corrientes cualquier tipo de quema hasta nuevo aviso. Se solicita a la poblaci\u00f3n evitar este tipo de pr\u00e1cticas.&nbsp;<\/p>\n\n\n\n<p>En caso de observar alg\u00fan tipo de foco \u00edgneo se debe dar aviso de manera inmediata a la Polic\u00eda (911 o 101) o a los Bomberos (100)<\/p>\n","protected":false},"excerpt":{"rendered":"<p>Desde la Direcci\u00f3n de Recursos Forestales dieron a conocer informaci\u00f3n actualizada respecto a la situaci\u00f3n en la provincia. Este domingo, desde la Direcci\u00f3n de Recursos Forestales del Ministerio de Producci\u00f3n&hellip; <\/p>\n","protected":false},"author":4,"featured_media":38093,"comment_status":"closed","ping_status":"open","sticky":false,"template":"","format":"standard","meta":{"footnotes":""},"categories":[23],"tags":[],"class_list":["post-38092","post","type-post","status-publish","format-standard","has-post-thumbnail","hentry","category-actualidad"],"_links":{"self":[{"href":"https:\/\/corrientesdetarde.com\/index.php\/wp-json\/wp\/v2\/posts\/38092","targetHints":{"allow":["GET"]}}],"collection":[{"href":"https:\/\/corrientesdetarde.com\/index.php\/wp-json\/wp\/v2\/posts"}],"about":[{"href":"https:\/\/corrientesdetarde.com\/index.php\/wp-json\/wp\/v2\/types\/post"}],"author":[{"embeddable":true,"href":"https:\/\/corrientesdetarde.com\/index.php\/wp-json\/wp\/v2\/users\/4"}],"replies":[{"embeddable":true,"href":"https:\/\/corrientesdetarde.com\/index.php\/wp-json\/wp\/v2\/comments?post=38092"}],"version-history":[{"count":1,"href":"https:\/\/corrientesdetarde.com\/index.php\/wp-json\/wp\/v2\/posts\/38092\/revisions"}],"predecessor-version":[{"id":38094,"href":"https:\/\/corrientesdetarde.com\/index.php\/wp-json\/wp\/v2\/posts\/38092\/revisions\/38094"}],"wp:featuredmedia":[{"embeddable":true,"href":"https:\/\/corrientesdetarde.com\/index.php\/wp-json\/wp\/v2\/media\/38093"}],"wp:attachment":[{"href":"https:\/\/corrientesdetarde.com\/index.php\/wp-json\/wp\/v2\/media?parent=38092"}],"wp:term":[{"taxonomy":"category","embeddable":true,"href":"https:\/\/corrientesdetarde.com\/index.php\/wp-json\/wp\/v2\/categories?post=38092"},{"taxonomy":"post_tag","embeddable":true,"href":"https:\/\/corrientesdetarde.com\/index.php\/wp-json\/wp\/v2\/tags?post=38092"}],"curies":[{"name":"wp","href":"https:\/\/api.w.org\/{rel}","templated":true}]}}