{"id":38102,"date":"2023-02-06T09:19:52","date_gmt":"2023-02-06T12:19:52","guid":{"rendered":"https:\/\/corrientesdetarde.com\/?p=38102"},"modified":"2023-02-06T09:19:56","modified_gmt":"2023-02-06T12:19:56","slug":"cerro-otra-edicion-del-festival-del-autentico-chamame-tradicional-de-mburucuya","status":"publish","type":"post","link":"https:\/\/corrientesdetarde.com\/index.php\/cultura\/cerro-otra-edicion-del-festival-del-autentico-chamame-tradicional-de-mburucuya\/","title":{"rendered":"Cerr\u00f3 otra edici\u00f3n del Festival del Aut\u00e9ntico Chamam\u00e9 Tradicional de Mburucuy\u00e1"},"content":{"rendered":"\n<p>La 54\u00b0 edici\u00f3n del evento concluy\u00f3 este domingo con una importante presencia de p\u00fablico. Destacados artistas mostraron su m\u00fasica y se emiti\u00f3 por Radio LT7 y Canal 13 Max.<\/p>\n\n\n\n<p>Este domingo concluy\u00f3 el 54\u00b0 Festival del Aut\u00e9ntico Chamam\u00e9 Tradicional. El evento m\u00e1s importante de Mburucuy\u00e1 se desarroll\u00f3 con gr\u00e1n \u00e9xito durante 3 noches y ya se prepara para para el 2024.<\/p>\n\n\n\n<p>En esta \u00faltima noche cont\u00f3 con la presencia del gobernador Gustavo Vald\u00e9s. Los n\u00fameros fuertes fueron Los de Imaguar\u00e9, Amanday\u00e9 y Antonio Tarrag\u00f3 Ros y tambi\u00e9n estuvieron Los hijos de los barrios y Diego Guti\u00e9rrez.<\/p>\n\n\n\n<figure class=\"wp-block-image\"><img decoding=\"async\" src=\"https:\/\/www.lt7noticias.com\/content\/bucket\/7\/41577w770h513c.jpg.webp\" alt=\"\"\/><\/figure>\n\n\n\n<figure class=\"wp-block-image\"><img decoding=\"async\" src=\"https:\/\/www.lt7noticias.com\/content\/bucket\/8\/41578w770h513c.jpg.webp\" alt=\"\"\/><\/figure>\n\n\n\n<figure class=\"wp-block-image\"><img decoding=\"async\" src=\"https:\/\/www.lt7noticias.com\/content\/bucket\/9\/41579w770h513c.jpg.webp\" alt=\"\"\/><\/figure>\n\n\n\n<figure class=\"wp-block-image\"><img decoding=\"async\" src=\"https:\/\/www.lt7noticias.com\/content\/bucket\/0\/41580w770h513c.jpg.webp\" alt=\"\"\/><\/figure>\n\n\n\n<figure class=\"wp-block-image\"><img decoding=\"async\" src=\"https:\/\/www.lt7noticias.com\/content\/bucket\/1\/41581w770h513c.jpg.webp\" alt=\"\"\/><\/figure>\n\n\n\n<figure class=\"wp-block-image\"><img decoding=\"async\" src=\"https:\/\/www.lt7noticias.com\/content\/bucket\/2\/41582w770h513c.jpg.webp\" alt=\"\"\/><\/figure>\n","protected":false},"excerpt":{"rendered":"<p>La 54\u00b0 edici\u00f3n del evento concluy\u00f3 este domingo con una importante presencia de p\u00fablico. Destacados artistas mostraron su m\u00fasica y se emiti\u00f3 por Radio LT7 y Canal 13 Max. Este&hellip; <\/p>\n","protected":false},"author":4,"featured_media":38103,"comment_status":"closed","ping_status":"open","sticky":false,"template":"","format":"standard","meta":{"footnotes":""},"categories":[15],"tags":[],"class_list":["post-38102","post","type-post","status-publish","format-standard","has-post-thumbnail","hentry","category-cultura"],"_links":{"self":[{"href":"https:\/\/corrientesdetarde.com\/index.php\/wp-json\/wp\/v2\/posts\/38102","targetHints":{"allow":["GET"]}}],"collection":[{"href":"https:\/\/corrientesdetarde.com\/index.php\/wp-json\/wp\/v2\/posts"}],"about":[{"href":"https:\/\/corrientesdetarde.com\/index.php\/wp-json\/wp\/v2\/types\/post"}],"author":[{"embeddable":true,"href":"https:\/\/corrientesdetarde.com\/index.php\/wp-json\/wp\/v2\/users\/4"}],"replies":[{"embeddable":true,"href":"https:\/\/corrientesdetarde.com\/index.php\/wp-json\/wp\/v2\/comments?post=38102"}],"version-history":[{"count":1,"href":"https:\/\/corrientesdetarde.com\/index.php\/wp-json\/wp\/v2\/posts\/38102\/revisions"}],"predecessor-version":[{"id":38104,"href":"https:\/\/corrientesdetarde.com\/index.php\/wp-json\/wp\/v2\/posts\/38102\/revisions\/38104"}],"wp:featuredmedia":[{"embeddable":true,"href":"https:\/\/corrientesdetarde.com\/index.php\/wp-json\/wp\/v2\/media\/38103"}],"wp:attachment":[{"href":"https:\/\/corrientesdetarde.com\/index.php\/wp-json\/wp\/v2\/media?parent=38102"}],"wp:term":[{"taxonomy":"category","embeddable":true,"href":"https:\/\/corrientesdetarde.com\/index.php\/wp-json\/wp\/v2\/categories?post=38102"},{"taxonomy":"post_tag","embeddable":true,"href":"https:\/\/corrientesdetarde.com\/index.php\/wp-json\/wp\/v2\/tags?post=38102"}],"curies":[{"name":"wp","href":"https:\/\/api.w.org\/{rel}","templated":true}]}}