{"id":38105,"date":"2023-02-06T09:21:58","date_gmt":"2023-02-06T12:21:58","guid":{"rendered":"https:\/\/corrientesdetarde.com\/?p=38105"},"modified":"2023-02-06T09:22:03","modified_gmt":"2023-02-06T12:22:03","slug":"comenzo-a-pagarse-el-plus-a-los-empleados-publicos-quienes-cobran-este-lunes-6","status":"publish","type":"post","link":"https:\/\/corrientesdetarde.com\/index.php\/locales\/comenzo-a-pagarse-el-plus-a-los-empleados-publicos-quienes-cobran-este-lunes-6\/","title":{"rendered":"Comenz\u00f3 a pagarse el plus a los empleados p\u00fablicos: qui\u00e9nes cobran este lunes\u00a06"},"content":{"rendered":"\n<p>El Gobierno de la provincia comenzar\u00e1 a abonar los 20.650 pesos desde este lunes. Se completar\u00e1 el viernes 10.<\/p>\n\n\n\n<p>El Gobierno de Corrientes activ\u00f3 el pago del plus unificado del mes de febrero para los estatales. Lo hab\u00eda anunciado Gustavo Vald\u00e9s el pasado viernes.<\/p>\n\n\n\n<p>Este primer d\u00eda ser\u00e1 para los trabajadores con DNI terminados en 0 y 1. Vale mencionar que este tramo estuvo disponible en cajeros autom\u00e1ticos del Banco de Corrientes desde el s\u00e1bado 4.<\/p>\n\n\n\n<p>La continuidad ser\u00e1 desde el martes 7 para los documentos 2 y 3. En tanto que al d\u00eda siguiente ser\u00e1 para 4 y 5.<\/p>\n\n\n\n<p>El jueves 9 cobrar\u00e1n 6 y 7. El cronograma se completar\u00e1 el viernes 10 con 8 y 9.<\/p>\n\n\n\n<figure class=\"wp-block-embed is-type-rich is-provider-twitter wp-block-embed-twitter\"><div class=\"wp-block-embed__wrapper\">\n<blockquote class=\"twitter-tweet\" data-width=\"550\" data-dnt=\"true\"><p lang=\"es\" dir=\"ltr\">\u00a1Buenos d\u00edas! El Plus Unificado del mes de febrero para trabajadores provinciales activos y jubilados se pagar\u00e1 por terminaci\u00f3n de DNI:<br><br>\u2022 Lunes 6: 0 y 1*<br>\u2022 Martes 7: 2 y 3<br>\u2022 Mi\u00e9rcoles 8: 4 y 5<br>\u2022 Jueves 9: 6 y 7<br>\u2022 Viernes 10: 8 y 9<br><br>* En cajeros, s\u00e1bado 4.<\/p>&mdash; Gustavo Vald\u00e9s (@gustavovaldesok) <a href=\"https:\/\/twitter.com\/gustavovaldesok\/status\/1621478612321898496?ref_src=twsrc%5Etfw\">February 3, 2023<\/a><\/blockquote><script async src=\"https:\/\/platform.twitter.com\/widgets.js\" charset=\"utf-8\"><\/script>\n<\/div><\/figure>\n","protected":false},"excerpt":{"rendered":"<p>El Gobierno de la provincia comenzar\u00e1 a abonar los 20.650 pesos desde este lunes. Se completar\u00e1 el viernes 10. El Gobierno de Corrientes activ\u00f3 el pago del plus unificado del&hellip; <\/p>\n","protected":false},"author":4,"featured_media":38106,"comment_status":"closed","ping_status":"open","sticky":false,"template":"","format":"standard","meta":{"footnotes":""},"categories":[8],"tags":[],"class_list":["post-38105","post","type-post","status-publish","format-standard","has-post-thumbnail","hentry","category-locales"],"_links":{"self":[{"href":"https:\/\/corrientesdetarde.com\/index.php\/wp-json\/wp\/v2\/posts\/38105","targetHints":{"allow":["GET"]}}],"collection":[{"href":"https:\/\/corrientesdetarde.com\/index.php\/wp-json\/wp\/v2\/posts"}],"about":[{"href":"https:\/\/corrientesdetarde.com\/index.php\/wp-json\/wp\/v2\/types\/post"}],"author":[{"embeddable":true,"href":"https:\/\/corrientesdetarde.com\/index.php\/wp-json\/wp\/v2\/users\/4"}],"replies":[{"embeddable":true,"href":"https:\/\/corrientesdetarde.com\/index.php\/wp-json\/wp\/v2\/comments?post=38105"}],"version-history":[{"count":1,"href":"https:\/\/corrientesdetarde.com\/index.php\/wp-json\/wp\/v2\/posts\/38105\/revisions"}],"predecessor-version":[{"id":38107,"href":"https:\/\/corrientesdetarde.com\/index.php\/wp-json\/wp\/v2\/posts\/38105\/revisions\/38107"}],"wp:featuredmedia":[{"embeddable":true,"href":"https:\/\/corrientesdetarde.com\/index.php\/wp-json\/wp\/v2\/media\/38106"}],"wp:attachment":[{"href":"https:\/\/corrientesdetarde.com\/index.php\/wp-json\/wp\/v2\/media?parent=38105"}],"wp:term":[{"taxonomy":"category","embeddable":true,"href":"https:\/\/corrientesdetarde.com\/index.php\/wp-json\/wp\/v2\/categories?post=38105"},{"taxonomy":"post_tag","embeddable":true,"href":"https:\/\/corrientesdetarde.com\/index.php\/wp-json\/wp\/v2\/tags?post=38105"}],"curies":[{"name":"wp","href":"https:\/\/api.w.org\/{rel}","templated":true}]}}