{"id":38110,"date":"2023-02-06T09:51:15","date_gmt":"2023-02-06T12:51:15","guid":{"rendered":"https:\/\/corrientesdetarde.com\/?p=38110"},"modified":"2023-02-06T09:51:18","modified_gmt":"2023-02-06T12:51:18","slug":"mas-de-150-mil-correntinos-tendran-aumentos-en-la-luz-por-la-quita-de-subsidios-de-nacion","status":"publish","type":"post","link":"https:\/\/corrientesdetarde.com\/index.php\/locales\/mas-de-150-mil-correntinos-tendran-aumentos-en-la-luz-por-la-quita-de-subsidios-de-nacion\/","title":{"rendered":"M\u00e1s de 150 mil correntinos tendr\u00e1n aumentos en la luz por la quita de subsidios de Naci\u00f3n"},"content":{"rendered":"\n<p>El Gobierno nacional avanza en una nueva medida que impactar\u00e1 en los bolsillos. Advierten de errores en el sistema.<\/p>\n\n\n\n<p>El Gobierno nacional oficializ\u00f3 que la segunda quita de subsidios energ\u00e9ticos impactar\u00e1 en el segmento de usuarios identificados como N2 y que responden a grupos familiares de ingresos medios. En Corrientes ese segmento lo integran, de acuerdo a datos oficiales, 155.651 corrientes que en las boletas de marzo y abril, a pagar en mayo y junio.&nbsp;<\/p>\n\n\n\n<p>De esos 156.651 correntinos que integran el segmento que perciben ingresos medios, 26.928 no se inscribieron para mantener el beneficio del subsidio.<\/p>\n\n\n\n<p>Los aumentos que impactaron estos meses en las boletas del Direcci\u00f3n Provincial de Energ\u00eda de Corrientes corresponden a la primera etapa de la quita de subsidios que la Naci\u00f3n implement\u00f3.<\/p>\n\n\n\n<p>En Corrientes el grupo N1, de altos ingresos, lo integran 92.842 de los cuales solo 6 se inscribieron para mantener el subsidio, el resto decidi\u00f3 no hacerlo.&nbsp;<\/p>\n\n\n\n<p><br>El Gobierno provincial asegura que los 26.928 usuarios que no se inscribieron para el subsidio corresponden a pobladores de zonas rurales que no supieron como hacerlo y que pese a las advertencias de las autoridades locales, la Naci\u00f3n decidi\u00f3 incluirlos en el segmento N1.&nbsp;<\/p>\n\n\n\n<p>El mayor impacto de la quita de lo subsidios nacionales repercuti\u00f3 solo en el 2 por ciento de los usuarios N1 pues consumen m\u00e1s de 2.000 kw bimestrales, que tiene un costo de $29.000 cada factura.<\/p>\n\n\n\n<p>Mantendr\u00e1n los subsidios nacionales todos los usuarios comprendidos en el segmento N3, de bajos ingresos, que en Corrientes lo integran 35.000 familias.-<\/p>\n\n\n\n<p>M\u00e1s aumento<\/p>\n\n\n\n<p>El presidente del Ente Provincial Regulador de la Energ\u00eda, Pablo Cuenca, se\u00f1al\u00f3 que por el momento sigue vigente la posibilidad de inscribirse para acceder a la tarifa el\u00e9ctrica subsidiada.<\/p>\n\n\n\n<p>Cuenca explic\u00f3 en declaraciones a Radio Sudamericana que advert\u00edan las consecuencias &#8220;en este per\u00edodo por la medida del Gobierno nacional de implementar la quita de subsidios&#8221;.<\/p>\n\n\n\n<p>&#8220;En cuatro meses el costo para hogares aumento m\u00e1s del 200 por ciento y para comercios alrededor del 300 por ciento&#8221;, alert\u00f3.<\/p>\n\n\n\n<p>Agreg\u00f3 que considerando el periodo entre febrero de 2022 y este a\u00f1o, la suba completa el 400 por ciento. &#8220;El n\u00famero no parece razonable y es lo que sucede por querer corregir en cuatro meses el congelamiento de tres a\u00f1os de tarifa&#8221;.<\/p>\n\n\n\n<p>&#8220;Estas son las consecuencias que advertimos que iban a suceder y la gravedad de hacerlo en esta \u00e9poca&#8221;, reiter\u00f3 Cuenca.<\/p>\n\n\n\n<p>Adelant\u00f3 que &#8220;no es el \u00faltimo porque se mantiene un 40 por ciento de subsidio en el sector residencial y un poco menos en las pymes&#8221;. Apunt\u00f3 que, para los industriales, la suba la experimentaron &#8220;de una sola vez hace m\u00e1s o menos 15 meses&#8221;.<\/p>\n\n\n\n<p>Se\u00f1al\u00f3 que los subsidios se mantienen para los sectores de menores recursos y el tope de 600 kilovatios dispuesto en la \u00e9poca estival para el norte grande.<\/p>\n\n\n\n<p>&nbsp;En definitiva, reconoci\u00f3 que la quita impacta a sectores de bajos recursos, sobre la base de los consumos registrados. &nbsp;<\/p>\n\n\n\n<p>En tanto, el interventor de la Dpec, Alfredo A\u00fan, dijo: &#8220;Se estableci\u00f3 la segmentaci\u00f3n con, justamente, 3 segmentos: Ingresos Elevados, Bajos Ingresos e Ingresos Medios. Para los Ingresos Bajos no hubo quita, mientras que s\u00ed lo hubo para los otros dos segmentos. Ante esto, el Estado nacional adopt\u00f3 la modalidad de la inscripci\u00f3n de usuarios. Los usuarios deb\u00edan inscribirse para que no se le quiten los subsidios a la energ\u00eda. Lo que ocurre ahora es que hay muchas personas que, seg\u00fan sus consumos, no pertenecen a categor\u00edas tan altas&#8221;.<\/p>\n\n\n\n<p>Por otro lado, A\u00fan hizo hincapi\u00e9 en una consideraci\u00f3n que hizo el Gobierno nacional que, desde su perspectiva, estuvo &#8220;errada&#8221; desde un principio.<\/p>\n\n\n\n<p>&#8220;El Estado nacional tom\u00f3 una medida errada, entendiendo que aquellos no inscriptos para recibir el subsidio era porque no lo necesitaban al subsidio. En Corrientes tenemos 93.500 usuarios que son considerados de altos ingresos. De esos usuarios, consideramos que cerca de 75.000 son de bajos ingresos teniendo en cuenta sus consumos, por lo que no pertenecer\u00edan a esa categor\u00eda. Adem\u00e1s, pensamos que hay cerca de 25.000 usuarios que viven en zonas rurales que, por alguna u otra raz\u00f3n no se inscribieron.<\/p>\n","protected":false},"excerpt":{"rendered":"<p>El Gobierno nacional avanza en una nueva medida que impactar\u00e1 en los bolsillos. Advierten de errores en el sistema. El Gobierno nacional oficializ\u00f3 que la segunda quita de subsidios energ\u00e9ticos&hellip; <\/p>\n","protected":false},"author":4,"featured_media":38111,"comment_status":"closed","ping_status":"open","sticky":false,"template":"","format":"standard","meta":{"footnotes":""},"categories":[8],"tags":[],"class_list":["post-38110","post","type-post","status-publish","format-standard","has-post-thumbnail","hentry","category-locales"],"_links":{"self":[{"href":"https:\/\/corrientesdetarde.com\/index.php\/wp-json\/wp\/v2\/posts\/38110","targetHints":{"allow":["GET"]}}],"collection":[{"href":"https:\/\/corrientesdetarde.com\/index.php\/wp-json\/wp\/v2\/posts"}],"about":[{"href":"https:\/\/corrientesdetarde.com\/index.php\/wp-json\/wp\/v2\/types\/post"}],"author":[{"embeddable":true,"href":"https:\/\/corrientesdetarde.com\/index.php\/wp-json\/wp\/v2\/users\/4"}],"replies":[{"embeddable":true,"href":"https:\/\/corrientesdetarde.com\/index.php\/wp-json\/wp\/v2\/comments?post=38110"}],"version-history":[{"count":1,"href":"https:\/\/corrientesdetarde.com\/index.php\/wp-json\/wp\/v2\/posts\/38110\/revisions"}],"predecessor-version":[{"id":38112,"href":"https:\/\/corrientesdetarde.com\/index.php\/wp-json\/wp\/v2\/posts\/38110\/revisions\/38112"}],"wp:featuredmedia":[{"embeddable":true,"href":"https:\/\/corrientesdetarde.com\/index.php\/wp-json\/wp\/v2\/media\/38111"}],"wp:attachment":[{"href":"https:\/\/corrientesdetarde.com\/index.php\/wp-json\/wp\/v2\/media?parent=38110"}],"wp:term":[{"taxonomy":"category","embeddable":true,"href":"https:\/\/corrientesdetarde.com\/index.php\/wp-json\/wp\/v2\/categories?post=38110"},{"taxonomy":"post_tag","embeddable":true,"href":"https:\/\/corrientesdetarde.com\/index.php\/wp-json\/wp\/v2\/tags?post=38110"}],"curies":[{"name":"wp","href":"https:\/\/api.w.org\/{rel}","templated":true}]}}