{"id":38122,"date":"2023-02-06T10:06:35","date_gmt":"2023-02-06T13:06:35","guid":{"rendered":"https:\/\/corrientesdetarde.com\/?p=38122"},"modified":"2023-02-06T10:06:38","modified_gmt":"2023-02-06T13:06:38","slug":"alberto-fernandez-no-le-voy-a-dedicar-un-segundo-a-la-interna-yo-se-con-quien-puedo-gobernar-y-con-quien-no","status":"publish","type":"post","link":"https:\/\/corrientesdetarde.com\/index.php\/nacionales\/alberto-fernandez-no-le-voy-a-dedicar-un-segundo-a-la-interna-yo-se-con-quien-puedo-gobernar-y-con-quien-no\/","title":{"rendered":"<strong>Alberto Fern\u00e1ndez: \u201cNo le voy a dedicar un segundo a la interna; yo s\u00e9 con qui\u00e9n puedo gobernar y con qui\u00e9n no\u201d<\/strong>"},"content":{"rendered":"\n<p>El presidente evit\u00f3 confrontar las cr\u00edticas de la C\u00e1mpora y de su ministro del Interior, Eduardo Wado de Pedro. Sugiri\u00f3 que ir\u00e1 a las PASO y competir\u00e1 si es necesario con funcionarios de su gesti\u00f3n<\/p>\n\n\n\n<p>El presidente&nbsp;<strong>Alberto Fern\u00e1ndez<\/strong>&nbsp;se refiri\u00f3 a las cr\u00edticas que recibe por parte de La C\u00e1mpora y de otros sectores del Frente de Todos d\u00edas antes de que se conforme la mesa pol\u00edtica en la que se debatir\u00e1 la estrategia para las elecciones 2023.<\/p>\n\n\n\n<p>\u201c<strong>Lo que ellos dicen es lo que menos me preocupa<\/strong>,&nbsp;<strong>no voy a hablar un segundo de eso, cada uno tiene el derecho de pensar lo que quiera, yo voy a mostrar lo que pas\u00f3<\/strong>\u201d, plante\u00f3 al analizar los alcances del acuerdo que firm\u00f3 con el Fondo Monetario Internacional.<\/p>\n\n\n\n<p>De acuerdo a la lectura del jefe de Estado, el entendimiento con el organismo multilateral de cr\u00e9dito no provoc\u00f3 un ajuste en la econom\u00eda como sostienen sus socios del Frente de Todos, especialmente el kirchnerismo. El propio Fern\u00e1ndez ha sido blanco de cuestionamientos directos de Andr\u00e9s \u201cCuervo\u201d Larroque y de M\u00e1ximo Kirchner, en otros dirigentes.<\/p>\n\n\n\n<p>M\u00e1s tarde, al ser consultado por la periodista&nbsp;<strong>Mar\u00eda O\u2019Donnell<\/strong>&nbsp;en una extensa entrevista difundida por&nbsp;<em>Urbana Play&nbsp;<\/em>sobre las diferencias que surgieron con su ministro del Interior,&nbsp;<strong>Eduardo \u201cWado\u201d de Pedro<\/strong>, retom\u00f3 el planteo: \u201c<strong>No voy a dedicar un segundo a eso, yo s\u00e9 con qui\u00e9n puedo gobernar y con qui\u00e9n no; yo gobierno con los que puedo gobernar; yo sigo gobernando, no me importa<\/strong>\u201d.<\/p>\n\n\n\n<p>El Presidente tambi\u00e9n se refiri\u00f3 al rol que mantiene el ministro de Econom\u00eda Sergio Massa en el equilibrio interno de la coalici\u00f3n oficialista: \u201cSergio ha sido muy valioso y cada vez que tuve conflictos internos estuvo al lado m\u00edo ayud\u00e1ndome, nunca tir\u00e1ndome piedras\u201d.<\/p>\n\n\n\n<p>\u201c<strong>\u00bfPuede ser candidato?\u201d, le preguntaron. \u201c\u00c9l puede ser un candidato, \u00bfpor qu\u00e9 no? Yo no s\u00e9 qui\u00e9n ser\u00e1 candidato: puede ser \u00e9l, puedo ser yo<\/strong>\u201d, dijo. Y aclar\u00f3 que el eje rector de la estrategia del Frente de Todos debe ser evitar que Juntos por el Cambio regrese al poder.<\/p>\n\n\n\n<p>En referencia a la&nbsp;<strong>inflaci\u00f3n<\/strong>, el mandatario volvi\u00f3 a subrayar que \u201cno se resuelve de un d\u00eda para el otro\u201d pero sostuvo que \u201c<strong>ocultarla es una estupidez<\/strong>. Lo que todos debemos saber lo dif\u00edcil que es resolverlo\u201d.<\/p>\n\n\n\n<p>\u201cHay m\u00faltiples causas que generan inflaci\u00f3n: el d\u00e9ficit fiscal es una, emitir dinero para tapar es otra, y en la Argentina hay una tercera que es \u2018la inflaci\u00f3n autoconstruida\u2019\u201d, manifest\u00f3 el mandatario, y a su vez aclar\u00f3: \u201c<strong>El consumidor es una v\u00edctima, no es que el consumidor autoconstruye inflaci\u00f3n<\/strong>. Estoy hablando de los peque\u00f1os formadores de precios\u201d.<\/p>\n\n\n\n<p>Sobre este tema, y la emisi\u00f3n del&nbsp;<strong>nuevo billete de $ 2.000<\/strong>, Fern\u00e1ndez asegur\u00f3 que emitir billetes con mayor denominaci\u00f3n \u201cno est\u00e1 nada descartado, lo que aprobamos ahora es hacer billetes de dos mil.&nbsp;<strong>Planteamos dos mil y seguimos peleando contra la inflaci\u00f3n<\/strong>\u201d. Y aclar\u00f3: \u201cCuesta mucho m\u00e1s caro emitir una cantidad mayor de billetes de mil, que tratar de hacer de dos mil\u201d.<\/p>\n\n\n\n<p><strong>Su relaci\u00f3n con Cristina Kirchner<\/strong><\/p>\n\n\n\n<p>\u201c<strong>Con Cristina tenemos diferencias, pero tambi\u00e9n s\u00e9 que queremos los dos lo mismo<\/strong>\u201d, manifest\u00f3 Alberto Fern\u00e1ndez ante la consulta sobre la relaci\u00f3n con la vicepresidenta, de la cual mucho se habla en la previa del encuentro del Frente de Todos al que convoc\u00f3. \u201cFinalmente nosotros podemos tener diferencias, lo que no tenemos es derecho a dividirnos\u201d, expres\u00f3.<\/p>\n\n\n\n<p>\u201cEstamos juntos, no estamos separados. ac\u00e1 nadie rompi\u00f3 un bloque\u201d, asegur\u00f3.<\/p>\n\n\n\n<p>En referencia a las causas judiciales de&nbsp;<strong>Cristina Fern\u00e1ndez de Kirchner<\/strong>, y la posibilidad de presentarse como candidata, el mandatario manifest\u00f3; \u201cSi Cristina finalmente es condenada, va a ser proscripta. Yo creo que Cristina lo que sabe es que tiene raz\u00f3n.&nbsp;<strong>Esta es una causa inventada contra Cristina<\/strong>\u201d.<\/p>\n\n\n\n<p>Y cerr\u00f3: \u201c<strong>No s\u00e9 si volver\u00edamos a repetir la f\u00f3rmula con Cristina<\/strong>\u201d.<\/p>\n\n\n\n<p><strong>El encuentro del Frente de Todos para definir las \u201creglas\u201d<\/strong><\/p>\n\n\n\n<p>Este domingo,&nbsp;<strong>Fern\u00e1ndez&nbsp;<\/strong>convoc\u00f3 para los pr\u00f3ximos d\u00edas a la conformaci\u00f3n de \u201cuna mesa que dise\u00f1e las reglas electorales\u201d del Frente de Todos. \u201cLa idea es que participemos todos lo que estamos en el Frente, adem\u00e1s tiene otros partidos que est\u00e1n. No voy a frenar ni un segundo a hablar de eso, cada uno tiene derecho a pensar lo que quiera\u201d, asegur\u00f3 en la entrevista.<\/p>\n\n\n\n<p>\u201c<strong>Mi mayor problema no es que Alberto Fern\u00e1ndez vuelva a ser Presidente<\/strong>, mi mayor problema es que algunos de los canallas que destruyeron la Argentina vuelvan a presidir\u201d, dijo el mandatario.<\/p>\n\n\n\n<p>Por su parte, afirm\u00f3 que \u201cno sabe\u201d si no puede volver a presentarse para ser Presidente y que&nbsp;<strong>en el Frente de Todos \u201cnadie\u201d le dijo que no se puede presentar a la relecci\u00f3n<\/strong>&nbsp;en los pr\u00f3ximos comicios, remarc\u00f3 que el candidato del oficialismo surgir\u00e1 de una PASO.<\/p>\n\n\n\n<p>Y concluy\u00f3 sobre el tema: \u201cTengo mi forma de ver las cosas, otros compa\u00f1eros tienen otra forma de ver las cosas. \u00bf<strong>Desde cu\u00e1ndo los peronistas le tenemos miedo a que la gente opine<\/strong>?\u201d.<\/p>\n","protected":false},"excerpt":{"rendered":"<p>El presidente evit\u00f3 confrontar las cr\u00edticas de la C\u00e1mpora y de su ministro del Interior, Eduardo Wado de Pedro. Sugiri\u00f3 que ir\u00e1 a las PASO y competir\u00e1 si es necesario&hellip; <\/p>\n","protected":false},"author":7,"featured_media":38123,"comment_status":"closed","ping_status":"open","sticky":false,"template":"","format":"standard","meta":{"footnotes":""},"categories":[10],"tags":[],"class_list":["post-38122","post","type-post","status-publish","format-standard","has-post-thumbnail","hentry","category-nacionales"],"_links":{"self":[{"href":"https:\/\/corrientesdetarde.com\/index.php\/wp-json\/wp\/v2\/posts\/38122","targetHints":{"allow":["GET"]}}],"collection":[{"href":"https:\/\/corrientesdetarde.com\/index.php\/wp-json\/wp\/v2\/posts"}],"about":[{"href":"https:\/\/corrientesdetarde.com\/index.php\/wp-json\/wp\/v2\/types\/post"}],"author":[{"embeddable":true,"href":"https:\/\/corrientesdetarde.com\/index.php\/wp-json\/wp\/v2\/users\/7"}],"replies":[{"embeddable":true,"href":"https:\/\/corrientesdetarde.com\/index.php\/wp-json\/wp\/v2\/comments?post=38122"}],"version-history":[{"count":1,"href":"https:\/\/corrientesdetarde.com\/index.php\/wp-json\/wp\/v2\/posts\/38122\/revisions"}],"predecessor-version":[{"id":38124,"href":"https:\/\/corrientesdetarde.com\/index.php\/wp-json\/wp\/v2\/posts\/38122\/revisions\/38124"}],"wp:featuredmedia":[{"embeddable":true,"href":"https:\/\/corrientesdetarde.com\/index.php\/wp-json\/wp\/v2\/media\/38123"}],"wp:attachment":[{"href":"https:\/\/corrientesdetarde.com\/index.php\/wp-json\/wp\/v2\/media?parent=38122"}],"wp:term":[{"taxonomy":"category","embeddable":true,"href":"https:\/\/corrientesdetarde.com\/index.php\/wp-json\/wp\/v2\/categories?post=38122"},{"taxonomy":"post_tag","embeddable":true,"href":"https:\/\/corrientesdetarde.com\/index.php\/wp-json\/wp\/v2\/tags?post=38122"}],"curies":[{"name":"wp","href":"https:\/\/api.w.org\/{rel}","templated":true}]}}