{"id":38128,"date":"2023-02-06T10:15:49","date_gmt":"2023-02-06T13:15:49","guid":{"rendered":"https:\/\/corrientesdetarde.com\/?p=38128"},"modified":"2023-02-06T10:24:53","modified_gmt":"2023-02-06T13:24:53","slug":"la-paralizacion-de-las-obras-en-la-autovia-ruta-12-trae-graves-problemas-economicos","status":"publish","type":"post","link":"https:\/\/corrientesdetarde.com\/index.php\/locales\/la-paralizacion-de-las-obras-en-la-autovia-ruta-12-trae-graves-problemas-economicos\/","title":{"rendered":"La paralizaci\u00f3n de las obras en la Autov\u00eda Ruta 12 trae graves problemas econ\u00f3micoS"},"content":{"rendered":"\n<p>Seg\u00fan denuncian desde la Federaci\u00f3n Econ\u00f3mica de Corrientes las demoras agravan los inconvenientes del sector. Es algo que perjudica a toda la regi\u00f3n.<\/p>\n\n\n\n<p>Las obras en la Autov\u00eda por la Ruta Nacional 12 en Corrientes est\u00e1n paralizadas desde hace varias semanas. El mundo empresarial ve esto con especial preocupaci\u00f3n por todos los inconvenientes que trae.<\/p>\n\n\n\n<p>Jorge G\u00f3mez, presidente de la Federaci\u00f3n Econ\u00f3mica de Corrientes coment\u00f3 sobre la situaci\u00f3n. &#8220;Ya era evidente en diciembre que hab\u00eda una paralizaci\u00f3n de las obras y que la obra trae contratiempos en todo el comercio y la log\u00edstica&#8221;, dijo.<\/p>\n\n\n\n<p>En ese sentido explic\u00f3 que &#8220;no es s\u00f3lo un problema local&#8221; sino que afecta a toda la provinciay las vecinas porque es una v\u00eda de paso por el Mercosur. &#8220;Es un problema grave, lo vemos con much\u00edsima preocupaci\u00f3n&#8221;, se lament\u00f3.<\/p>\n\n\n\n<p>&#8220;Queremos que se tome conciencia pedimos que nos acompa\u00f1en para que se retomen con inmediatez las obras&#8221; dijo.&nbsp;<\/p>\n\n\n\n<p>Vale mencionar que hab\u00eda una promesa del Gobierno Nacional de que la Autov\u00eda llegue hasta Saladas. Sin embargo con estas preocupantes demoras ya se ve la noticia con pesimismo.<\/p>\n\n\n\n<p>&#8220;Si no se pueden completar estos 17 kil\u00f3metros tampoco va a salir el tramo hasta Saladas, quer\u00edamos de Saladas a Itat\u00ed con una reparaci\u00f3n integral y definitiva, lo pedimos en reiteradas oportunidades&#8221;, dijo.<\/p>\n\n\n\n<p>dijo.<\/p>\n\n\n\n<figure class=\"wp-block-embed is-type-rich is-provider-gestor-del-servicio wp-block-embed-gestor-del-servicio wp-embed-aspect-16-9 wp-has-aspect-ratio\"><div class=\"wp-block-embed__wrapper\">\n<iframe loading=\"lazy\" title=\"Suspensi\u00f3n de obra de circunvalaci\u00f3n de la ciudad de Corrientes: charlamos con Jorge G\u00f3mez\" width=\"1110\" height=\"624\" src=\"https:\/\/www.youtube.com\/embed\/1ZHsyBCo5Xk?feature=oembed\" frameborder=\"0\" allow=\"accelerometer; autoplay; clipboard-write; encrypted-media; gyroscope; picture-in-picture; web-share\" allowfullscreen><\/iframe>\n<\/div><\/figure>\n\n\n\n<p>Fuente: LT7<\/p>\n","protected":false},"excerpt":{"rendered":"<p>Seg\u00fan denuncian desde la Federaci\u00f3n Econ\u00f3mica de Corrientes las demoras agravan los inconvenientes del sector. Es algo que perjudica a toda la regi\u00f3n. Las obras en la Autov\u00eda por la&hellip; <\/p>\n","protected":false},"author":4,"featured_media":38140,"comment_status":"closed","ping_status":"open","sticky":false,"template":"","format":"standard","meta":{"footnotes":""},"categories":[8],"tags":[],"class_list":["post-38128","post","type-post","status-publish","format-standard","has-post-thumbnail","hentry","category-locales"],"_links":{"self":[{"href":"https:\/\/corrientesdetarde.com\/index.php\/wp-json\/wp\/v2\/posts\/38128","targetHints":{"allow":["GET"]}}],"collection":[{"href":"https:\/\/corrientesdetarde.com\/index.php\/wp-json\/wp\/v2\/posts"}],"about":[{"href":"https:\/\/corrientesdetarde.com\/index.php\/wp-json\/wp\/v2\/types\/post"}],"author":[{"embeddable":true,"href":"https:\/\/corrientesdetarde.com\/index.php\/wp-json\/wp\/v2\/users\/4"}],"replies":[{"embeddable":true,"href":"https:\/\/corrientesdetarde.com\/index.php\/wp-json\/wp\/v2\/comments?post=38128"}],"version-history":[{"count":2,"href":"https:\/\/corrientesdetarde.com\/index.php\/wp-json\/wp\/v2\/posts\/38128\/revisions"}],"predecessor-version":[{"id":38147,"href":"https:\/\/corrientesdetarde.com\/index.php\/wp-json\/wp\/v2\/posts\/38128\/revisions\/38147"}],"wp:featuredmedia":[{"embeddable":true,"href":"https:\/\/corrientesdetarde.com\/index.php\/wp-json\/wp\/v2\/media\/38140"}],"wp:attachment":[{"href":"https:\/\/corrientesdetarde.com\/index.php\/wp-json\/wp\/v2\/media?parent=38128"}],"wp:term":[{"taxonomy":"category","embeddable":true,"href":"https:\/\/corrientesdetarde.com\/index.php\/wp-json\/wp\/v2\/categories?post=38128"},{"taxonomy":"post_tag","embeddable":true,"href":"https:\/\/corrientesdetarde.com\/index.php\/wp-json\/wp\/v2\/tags?post=38128"}],"curies":[{"name":"wp","href":"https:\/\/api.w.org\/{rel}","templated":true}]}}