{"id":38132,"date":"2023-02-06T10:19:49","date_gmt":"2023-02-06T13:19:49","guid":{"rendered":"https:\/\/corrientesdetarde.com\/?p=38132"},"modified":"2023-02-06T10:19:52","modified_gmt":"2023-02-06T13:19:52","slug":"alberto-fernandez-abre-el-juego-electoral-en-el-peronismo-y-divide-su-discurso-politico-para-que-la-interna-no-opaque-la-gestion","status":"publish","type":"post","link":"https:\/\/corrientesdetarde.com\/index.php\/nacionales\/alberto-fernandez-abre-el-juego-electoral-en-el-peronismo-y-divide-su-discurso-politico-para-que-la-interna-no-opaque-la-gestion\/","title":{"rendered":"<strong>Alberto Fern\u00e1ndez abre el juego electoral en el peronismo y divide su discurso pol\u00edtico para que la interna no opaque la gesti\u00f3n<\/strong>"},"content":{"rendered":"\n<p>El Presidente quiere que todos los sectores de la coalici\u00f3n est\u00e9n en la mesa pol\u00edtica a la que convoc\u00f3. En el kirchnerismo presionan para que la discusi\u00f3n sea electoral y de gesti\u00f3n. Sigue firme el operativo reelecci\u00f3n<\/p>\n\n\n\n<p>El domingo a la ma\u00f1ana&nbsp;<strong>Alberto Fern\u00e1ndez&nbsp;<\/strong>gan\u00f3 centralidad con un anuncio en sus redes sociales. Convoc\u00f3 a una mesa pol\u00edtica del&nbsp;<strong>Frente de Todos<\/strong>&nbsp;para empezar a discutir la<strong>&nbsp;estrategia electoral.<\/strong>&nbsp;En el mensaje reforz\u00f3 su idea central: el punto de encuentro es solo para debatir sobre c\u00f3mo afrontar las comicios de este a\u00f1o, pero sin hablar de candidaturas puntuales ni de gesti\u00f3n.<\/p>\n\n\n\n<p>Apenas se conoci\u00f3 la iniciativa, el kirchnerismo dej\u00f3 trascender su posici\u00f3n para ejercer contrapeso. \u201cAdem\u00e1s de la estrategia electoral y las candidaturas<strong>&nbsp;es necesario discutir las pol\u00edticas que se desarrollar\u00e1n para conquistar a la mayor\u00eda electoral\u201d<\/strong>, indicaron desde el campamento K, donde no quieren que la discusi\u00f3n se quede estancada en la estrategia<\/p>\n\n\n\n<p>Fern\u00e1ndez construy\u00f3 un cascar\u00f3n duro para protegerse de los dardos kirchneristas. Sus colaboradores m\u00e1s cercanos lo ven concentrado en mostrar la gesti\u00f3n del Gobierno y en no claudicar ante las cr\u00edticas internas que suelen salir de La C\u00e1mpora.<strong>&nbsp;\u201cLos pibes van a seguir tirando y Alberto no va a ceder\u201d<\/strong>, aseguraron en su entorno.<\/p>\n\n\n\n<p>En esa l\u00ednea de trabajo dividi\u00f3 su discurso en dos. La interna va por un lado y, por lo general, no est\u00e1 en la agenda de Fern\u00e1ndez. Esa parte se la deja a sus ministros, como sucedi\u00f3 la semana pasada con An\u00edbal Fern\u00e1ndez y Victoria Tolosa Paz, cuando saltaron a la cancha pol\u00edtica a enfrentar a Eduardo \u201cWado\u201d de Pedro, despu\u00e9s del enojo del ministro del Interior con el Presidente.<\/p>\n\n\n\n<p>La otra parte de sudiscurso pol\u00edtico es la que lo tiene como protagonista absoluto y que se basa en la gesti\u00f3n. Actos en el conurbano bonaerense y el interior del pa\u00eds. Momentos y fotos compartidas con los gobernadores del PJ y los principales intendentes de Buenos Aires. Entrega de viviendas, datos sobre el aumento del turismo y anuncio sobre obras de infraestructuras. De eso se trata el plan reelecci\u00f3n.<\/p>\n\n\n\n<p>\u201cCristina tiene su centralidad y su potencia pol\u00edtica. Sergio (Massa) tiene el ministerio de Econom\u00eda y su gesti\u00f3n de equilibro<strong>. Alberto necesita recuperar la gesti\u00f3n en el territorio. Es lo \u00fanico que tiene y en lo que se debe apoyar\u201d<\/strong>, analiz\u00f3 un ministro del gabinete nacional. Desde ese lugar de puede parar a dar la discusi\u00f3n pol\u00edtica y electoral en el Frente de Todos. Es el Presidente y quiere hacer valer su rol, pero tiene que construir la tarima en la cual sostenerse.<\/p>\n\n\n\n<p>Cerca del Jefe de Estado advierten que su voluntad es darle<strong>&nbsp;mayor din\u00e1mica al di\u00e1logo con los distintos sectores de la coalici\u00f3n.&nbsp;<\/strong>M\u00e1s reuniones, encuentros y anuncios con gobernadores, intendentes, sindicalistas y l\u00edderes de movimientos sociales.&nbsp;<strong>Todo en clave de campa\u00f1a<\/strong>. Fern\u00e1ndez sigue sosteniendo su idea de reelecci\u00f3n aunque no la explicite en p\u00fablico.<\/p>\n\n\n\n<p>Esa decisi\u00f3n del mandatario es lo que irrita al kirchnerismo y lo que puede entorpecer la discusi\u00f3n electoral. Tal es as\u00ed que en el peronismo hay muchos dirigentes que ven dif\u00edcil que se pueda concretar la mesa pol\u00edtica que ide\u00f3 Fern\u00e1ndez, debido a las diferencias sobre el rol que debe tener ese punto de encuentro en el comienzo del a\u00f1o electoral.<\/p>\n\n\n\n<p>Otros piensan que el peronismo se ordenar\u00e1 de verdad en la antesala del cierre de listas y por necesidad m\u00e1s que por convicci\u00f3n. Al final del camino nadie quiere perder. Y para eso es necesario utilizar el pragmatismo.<\/p>\n\n\n\n<p><strong>Fern\u00e1ndez ya tiene decidido invitar a todos.&nbsp;<\/strong>Desde Cristina hasta M\u00e1ximo Kirchner, pasando por Sergio Massa e incluyendo en el extenso listado a la CGT y los movimientos sociales. Todos adentro, nadie excluido.<\/p>\n\n\n\n<p>Siente que ese es su rol como presidente de la Naci\u00f3n y del PJ. Y es, adem\u00e1s, una forma de pasarle el peso de la decisi\u00f3n al kirchnerismo, donde deber\u00e1n decidir si asisten o no. Y, en el caso de no hacerlo, cu\u00e1l es el argumento para explicarlo en p\u00fablico. Est\u00e1n jugando al ajedrez.<\/p>\n\n\n\n<p>El punto de encuentro que aparece en el horizonte es el<strong>&nbsp;PJ Nacional<\/strong>. El hist\u00f3rico partido es el paraguas institucional que puede utilizar Fern\u00e1ndez para mantener el liderazgo y la centralidad en una etapa clave, como es la que se aproxima, donde las negociaciones electorales atravesar\u00e1n la vida pol\u00edtica del peronismo.<\/p>\n\n\n\n<p>En el cierre del fin de semana&nbsp;<strong>Sergio Massa&nbsp;<\/strong>fue el primero en responder a la convocatoria realizada por el Presidente. Lo hizo retuiteando una publicaci\u00f3n del Frente Renovador: \u201cDesde nuestro espacio vamos a participar con la convicci\u00f3n de sumar\u201d. Fue un gui\u00f1o para Fernandez en medio de la incertidumbre sobre la construcci\u00f3n de la mesa pol\u00edtica.<\/p>\n","protected":false},"excerpt":{"rendered":"<p>El Presidente quiere que todos los sectores de la coalici\u00f3n est\u00e9n en la mesa pol\u00edtica a la que convoc\u00f3. En el kirchnerismo presionan para que la discusi\u00f3n sea electoral y&hellip; <\/p>\n","protected":false},"author":7,"featured_media":38133,"comment_status":"closed","ping_status":"open","sticky":false,"template":"","format":"standard","meta":{"footnotes":""},"categories":[10],"tags":[],"class_list":["post-38132","post","type-post","status-publish","format-standard","has-post-thumbnail","hentry","category-nacionales"],"_links":{"self":[{"href":"https:\/\/corrientesdetarde.com\/index.php\/wp-json\/wp\/v2\/posts\/38132","targetHints":{"allow":["GET"]}}],"collection":[{"href":"https:\/\/corrientesdetarde.com\/index.php\/wp-json\/wp\/v2\/posts"}],"about":[{"href":"https:\/\/corrientesdetarde.com\/index.php\/wp-json\/wp\/v2\/types\/post"}],"author":[{"embeddable":true,"href":"https:\/\/corrientesdetarde.com\/index.php\/wp-json\/wp\/v2\/users\/7"}],"replies":[{"embeddable":true,"href":"https:\/\/corrientesdetarde.com\/index.php\/wp-json\/wp\/v2\/comments?post=38132"}],"version-history":[{"count":1,"href":"https:\/\/corrientesdetarde.com\/index.php\/wp-json\/wp\/v2\/posts\/38132\/revisions"}],"predecessor-version":[{"id":38136,"href":"https:\/\/corrientesdetarde.com\/index.php\/wp-json\/wp\/v2\/posts\/38132\/revisions\/38136"}],"wp:featuredmedia":[{"embeddable":true,"href":"https:\/\/corrientesdetarde.com\/index.php\/wp-json\/wp\/v2\/media\/38133"}],"wp:attachment":[{"href":"https:\/\/corrientesdetarde.com\/index.php\/wp-json\/wp\/v2\/media?parent=38132"}],"wp:term":[{"taxonomy":"category","embeddable":true,"href":"https:\/\/corrientesdetarde.com\/index.php\/wp-json\/wp\/v2\/categories?post=38132"},{"taxonomy":"post_tag","embeddable":true,"href":"https:\/\/corrientesdetarde.com\/index.php\/wp-json\/wp\/v2\/tags?post=38132"}],"curies":[{"name":"wp","href":"https:\/\/api.w.org\/{rel}","templated":true}]}}