{"id":38137,"date":"2023-02-06T10:21:19","date_gmt":"2023-02-06T13:21:19","guid":{"rendered":"https:\/\/corrientesdetarde.com\/?p=38137"},"modified":"2023-02-06T10:21:20","modified_gmt":"2023-02-06T13:21:20","slug":"el-gobierno-oficializo-al-empresario-antonio-aracre-como-jefe-de-asesores-en-el-gabinete","status":"publish","type":"post","link":"https:\/\/corrientesdetarde.com\/index.php\/nacionales\/el-gobierno-oficializo-al-empresario-antonio-aracre-como-jefe-de-asesores-en-el-gabinete\/","title":{"rendered":"<strong>El Gobierno oficializ\u00f3 al empresario Antonio Aracre como jefe de asesores en el Gabinete<\/strong>"},"content":{"rendered":"\n<p>La designaci\u00f3n del ex CEO de Syngenta fue publicada este lunes en el Bolet\u00edn Oficial<\/p>\n\n\n\n<p>El Gobierno Nacional oficializ\u00f3 la designaci\u00f3n del ex CEO de la empresa multinacional Syngenta,&nbsp;<strong>Antonio Aracre<\/strong>, como jefe de asesores del Gabinete.<\/p>\n\n\n\n<p>Su desembarco en Casa Rosada hab\u00eda sido anunciado por el propio empresario a principios de enero, sin embargo comenz\u00f3 a ejercer el cargo el pasado 1\u00b0 de febrero. Este lunes, a trav\u00e9s del&nbsp;<strong>Decreto61\/2023<\/strong>&nbsp;publicado en el&nbsp;<strong>Bolet\u00edn Oficial<\/strong>, se confirm\u00f3 el nombramiento.<\/p>\n\n\n\n<p><strong>\u201cDase por designado, a partir del 1\u00ba de febrero de 2023, en el cargo de Jefe de Gabinete de Asesores del se\u00f1or PRESIDENTE DE LA NACI\u00d3N, al contador p\u00fablico y mag\u00edster en Administraci\u00f3n Estrat\u00e9gica Antonio Ra\u00fal ARACRE\u201d<\/strong>, reza el art\u00edculo 1\u00b0 del decreto que lleva la firma de&nbsp;<strong>Alberto Fern\u00e1ndez&nbsp;<\/strong>y del jefe de Gabinete de Ministros,<strong>&nbsp;Juan Manzur<\/strong>.<\/p>\n\n\n\n<p>El mes pasado, a trav\u00e9s de un hilo de<em>&nbsp;Twitter<\/em>, el empresario se\u00f1al\u00f3 que llegaba al Poder Ejecutivo Nacional con el objetivo de \u201cacercar el mundo privado al sector p\u00fablico para capitalizar y potenciar las oportunidades que hay en los pr\u00f3ximos tres a cinco a\u00f1os\u201d y que su \u201cmisi\u00f3n principal\u201d es \u201cayudar en todos los temas en que el Presidente necesite informaci\u00f3n\u201d.<\/p>\n\n\n\n<p><em>Te puede interesar:&nbsp;<\/em><a href=\"https:\/\/www.infobae.com\/politica\/2023\/02\/05\/la-argentina-feudal-quienes-son-los-gobernadores-e-intendentes-que-llevan-decadas-en-sus-cargos\/\" target=\"_blank\" rel=\"noreferrer noopener\"><em>La Argentina feudal: qui\u00e9nes son los gobernadores e intendentes que llevan d\u00e9cadas en sus cargos<\/em><\/a><\/p>\n\n\n\n<p>Tambi\u00e9n se\u00f1al\u00f3 que apuntar\u00e1 a sentar en una mesa al \u201cGobierno, oposici\u00f3n, el mundo del trabajo y los sindicatos y poder acordar tres o cuatro puntos importantes que le permitan a los argentinos recuperar la esperanza de que la pol\u00edtica puede conversar sobre los temas que le pueden cambiar la vida\u201d, expres\u00f3 en sus redes sociales<\/p>\n\n\n\n<p>En relaci\u00f3n a los temas que aspira a plantear en esa ronda de negociaciones, Aracre hab\u00eda anticipado que ser\u00e1n: \u201cUn Estado m\u00e1s eficiente y menos burocr\u00e1tico y una reforma tributaria\u201d. \u201cTratar de acercarse a la oposici\u00f3n o los sindicatos desde los temas que nos separan no ser\u00eda una buena idea, hay que hacerlo desde los temas en que se puede encontrar alg\u00fan consenso\u201d, concluy\u00f3 el empresario.<\/p>\n\n\n\n<p>En octubre pasado, Aracre anunci\u00f3 su incursi\u00f3n a la pol\u00edtica tras renunciar al m\u00e1ximo cargo ejecutivo para Am\u00e9rica Latina de Syngenta, una empresa l\u00edder en la agroindustria. La firma, de origen suizo y capitales chinos, tiene como principal negocio la producci\u00f3n y comercializaci\u00f3n de insumos como agroqu\u00edmicos y semillas, y con una importante trayectoria y presencia en el mercado en lo relacionado a la protecci\u00f3n de cultivos.<\/p>\n\n\n\n<p>En los \u00faltimos meses, el reconocido empresario visit\u00f3 varias veces la Quinta de Olivos, donde se reuni\u00f3 con Alberto Fern\u00e1ndez, y tambi\u00e9n los despachos de Econom\u00eda, donde visit\u00f3 tanto al ex ministro&nbsp;<strong>Mart\u00edn Guzm\u00e1n&nbsp;<\/strong>como al actual titular del Palacio de Hacienda,&nbsp;<strong>Sergio Massa<\/strong>.<\/p>\n\n\n\n<p>Ahora, el ex CEO de Syngenta lleg\u00f3 para asumir el cargo de jefe de Asesores del Gabinete de la Naci\u00f3n en reemplazo de&nbsp;<strong>Juli\u00e1n Leunda<\/strong>, que renunci\u00f3 a principios de diciembre luego de quedar envuelto en una pol\u00e9mica por ser mencionado en un supuesto chat de jueces, funcionarios porte\u00f1os y empresarios que hicieron un viaje conjunto a la estancia del magnate Joe Lewis en&nbsp;<strong>Lago Escondido<\/strong>, provincia de R\u00edo Negro.<\/p>\n\n\n\n<p>El v\u00ednculo con el Gobierno tuvo su costo con el sector agropecuario. Algunos referentes de la producci\u00f3n y sociedades rurales del norte bonaerense cuestionaron la figura de Aracre por el apoyo que hab\u00eda hecho el CEO a medidas que impuls\u00f3 el Gobierno hacia el campo, en medio de la tensi\u00f3n entre el Poder Ejecutivo y las organizaciones representativas de la actividad agropecuaria.<\/p>\n\n\n\n<p>Pese a mostrar su cercan\u00eda con el oficialismo, Aracre no descart\u00f3 tras su renuncia en Syngenta trabajar con dirigentes de Juntos por el Cambio. \u201cSi me llama Alberto o el a\u00f1o que viene Larreta, estoy\u201d, dijo en una declaraci\u00f3n reciente.<\/p>\n","protected":false},"excerpt":{"rendered":"<p>La designaci\u00f3n del ex CEO de Syngenta fue publicada este lunes en el Bolet\u00edn Oficial El Gobierno Nacional oficializ\u00f3 la designaci\u00f3n del ex CEO de la empresa multinacional Syngenta,&nbsp;Antonio Aracre,&hellip; <\/p>\n","protected":false},"author":7,"featured_media":38141,"comment_status":"closed","ping_status":"open","sticky":false,"template":"","format":"standard","meta":{"footnotes":""},"categories":[10],"tags":[],"class_list":["post-38137","post","type-post","status-publish","format-standard","has-post-thumbnail","hentry","category-nacionales"],"_links":{"self":[{"href":"https:\/\/corrientesdetarde.com\/index.php\/wp-json\/wp\/v2\/posts\/38137","targetHints":{"allow":["GET"]}}],"collection":[{"href":"https:\/\/corrientesdetarde.com\/index.php\/wp-json\/wp\/v2\/posts"}],"about":[{"href":"https:\/\/corrientesdetarde.com\/index.php\/wp-json\/wp\/v2\/types\/post"}],"author":[{"embeddable":true,"href":"https:\/\/corrientesdetarde.com\/index.php\/wp-json\/wp\/v2\/users\/7"}],"replies":[{"embeddable":true,"href":"https:\/\/corrientesdetarde.com\/index.php\/wp-json\/wp\/v2\/comments?post=38137"}],"version-history":[{"count":1,"href":"https:\/\/corrientesdetarde.com\/index.php\/wp-json\/wp\/v2\/posts\/38137\/revisions"}],"predecessor-version":[{"id":38142,"href":"https:\/\/corrientesdetarde.com\/index.php\/wp-json\/wp\/v2\/posts\/38137\/revisions\/38142"}],"wp:featuredmedia":[{"embeddable":true,"href":"https:\/\/corrientesdetarde.com\/index.php\/wp-json\/wp\/v2\/media\/38141"}],"wp:attachment":[{"href":"https:\/\/corrientesdetarde.com\/index.php\/wp-json\/wp\/v2\/media?parent=38137"}],"wp:term":[{"taxonomy":"category","embeddable":true,"href":"https:\/\/corrientesdetarde.com\/index.php\/wp-json\/wp\/v2\/categories?post=38137"},{"taxonomy":"post_tag","embeddable":true,"href":"https:\/\/corrientesdetarde.com\/index.php\/wp-json\/wp\/v2\/tags?post=38137"}],"curies":[{"name":"wp","href":"https:\/\/api.w.org\/{rel}","templated":true}]}}