{"id":38152,"date":"2023-02-06T10:33:06","date_gmt":"2023-02-06T13:33:06","guid":{"rendered":"https:\/\/corrientesdetarde.com\/?p=38152"},"modified":"2023-02-06T10:33:11","modified_gmt":"2023-02-06T13:33:11","slug":"valdes-inauguro-obras-en-el-anfiteatro-de-mburucuya-y-entrego-subsidio-por-15-millones","status":"publish","type":"post","link":"https:\/\/corrientesdetarde.com\/index.php\/politica\/valdes-inauguro-obras-en-el-anfiteatro-de-mburucuya-y-entrego-subsidio-por-15-millones\/","title":{"rendered":"Vald\u00e9s inaugur\u00f3 obras en el anfiteatro de Mburucuy\u00e1 y entreg\u00f3 subsidio por 15 millones"},"content":{"rendered":"\n<p>El gobernador particip\u00f3 del cierre del tradicional evento musical y acompa\u00f1\u00f3 a la comunidad. Destac\u00f3 la trascencia de nuestra m\u00fasica regional y del festival.<\/p>\n\n\n\n<p>En el marco del cierre del 54\u00b0 Festival Provincial y 18\u00b0 Nacional del Aut\u00e9ntico Chamam\u00e9 Tradicional, el gobernador Gustavo Vald\u00e9s encabez\u00f3 junto al intendente de Mburucuy\u00e1, Pablo Guastavino la inauguraci\u00f3n de una sala de conferencias y dos departamentos para alojar a m\u00fasicos y periodistas en el predio donde se desarrolla el evento. Adem\u00e1s, el mandatario entreg\u00f3 un subsidio por $15 millones para la organizaci\u00f3n de la misma Fiesta.<\/p>\n\n\n\n<p>&#8220;Tenemos que apuntalar esto que es cultura, que muestro lo que somos y lo que tenemos&#8221;, expres\u00f3 Vald\u00e9s, invitando a toda la gente que a\u00fan no conoce el evento a conocer nuestras tradiciones.<\/p>\n\n\n\n<p>&#8220;Son tres noches a puro chamam\u00e9, vino gente de muchas provincias, m\u00e1s turistas de Brasil y Paraguay quienes no solo disfrutaron de la m\u00fasica sino tambi\u00e9n del balneario, desde el Gobierno aportamos con 15 millones de pesos para solventar la organizaci\u00f3n&#8221;, declar\u00f3.<\/p>\n\n\n\n<figure class=\"wp-block-image\"><img decoding=\"async\" src=\"https:\/\/www.lt7noticias.com\/content\/bucket\/3\/41593w770h513c.jpg.webp\" alt=\"\"\/><\/figure>\n\n\n\n<p>Por su parte, el intendente Guastavino cont\u00f3 que con el apoyo de la Provincia se construy\u00f3 e inaugur\u00f3 una sala de conferencias en el predio de la Fiesta, que lleva el nombre de Salvador Miqueri. Tambi\u00e9n se estrenaron los primeros dos departamentos \u2013de un total de once- cuyo fin es alojar a m\u00fasicos y periodistas que asistan a la localidad.<\/p>\n\n\n\n<p>&#8220;Ya hab\u00edamos hecho tribunas y una pileta en forma de guitarra. Ahora queremos hacer dos piletas m\u00e1s y otras inversiones para poner en valor el chamam\u00e9 y que estos se puedan vivir con los cinco sentidos&#8221;, coment\u00f3.<\/p>\n\n\n\n<figure class=\"wp-block-image\"><img decoding=\"async\" src=\"https:\/\/www.lt7noticias.com\/content\/bucket\/1\/41591w770h513c.jpg.webp\" alt=\"\"\/><\/figure>\n","protected":false},"excerpt":{"rendered":"<p>El gobernador particip\u00f3 del cierre del tradicional evento musical y acompa\u00f1\u00f3 a la comunidad. Destac\u00f3 la trascencia de nuestra m\u00fasica regional y del festival. En el marco del cierre del&hellip; <\/p>\n","protected":false},"author":4,"featured_media":38153,"comment_status":"closed","ping_status":"open","sticky":false,"template":"","format":"standard","meta":{"footnotes":""},"categories":[3],"tags":[],"class_list":["post-38152","post","type-post","status-publish","format-standard","has-post-thumbnail","hentry","category-politica"],"_links":{"self":[{"href":"https:\/\/corrientesdetarde.com\/index.php\/wp-json\/wp\/v2\/posts\/38152","targetHints":{"allow":["GET"]}}],"collection":[{"href":"https:\/\/corrientesdetarde.com\/index.php\/wp-json\/wp\/v2\/posts"}],"about":[{"href":"https:\/\/corrientesdetarde.com\/index.php\/wp-json\/wp\/v2\/types\/post"}],"author":[{"embeddable":true,"href":"https:\/\/corrientesdetarde.com\/index.php\/wp-json\/wp\/v2\/users\/4"}],"replies":[{"embeddable":true,"href":"https:\/\/corrientesdetarde.com\/index.php\/wp-json\/wp\/v2\/comments?post=38152"}],"version-history":[{"count":1,"href":"https:\/\/corrientesdetarde.com\/index.php\/wp-json\/wp\/v2\/posts\/38152\/revisions"}],"predecessor-version":[{"id":38155,"href":"https:\/\/corrientesdetarde.com\/index.php\/wp-json\/wp\/v2\/posts\/38152\/revisions\/38155"}],"wp:featuredmedia":[{"embeddable":true,"href":"https:\/\/corrientesdetarde.com\/index.php\/wp-json\/wp\/v2\/media\/38153"}],"wp:attachment":[{"href":"https:\/\/corrientesdetarde.com\/index.php\/wp-json\/wp\/v2\/media?parent=38152"}],"wp:term":[{"taxonomy":"category","embeddable":true,"href":"https:\/\/corrientesdetarde.com\/index.php\/wp-json\/wp\/v2\/categories?post=38152"},{"taxonomy":"post_tag","embeddable":true,"href":"https:\/\/corrientesdetarde.com\/index.php\/wp-json\/wp\/v2\/tags?post=38152"}],"curies":[{"name":"wp","href":"https:\/\/api.w.org\/{rel}","templated":true}]}}