{"id":38162,"date":"2023-02-06T10:48:26","date_gmt":"2023-02-06T13:48:26","guid":{"rendered":"https:\/\/corrientesdetarde.com\/?p=38162"},"modified":"2023-02-06T10:48:32","modified_gmt":"2023-02-06T13:48:32","slug":"china-admitio-que-el-globo-que-sobrevuela-latinoamerica-es-suyo-y-dice-que-se-desvio-por-culpa-del-clima","status":"publish","type":"post","link":"https:\/\/corrientesdetarde.com\/index.php\/internacionales\/china-admitio-que-el-globo-que-sobrevuela-latinoamerica-es-suyo-y-dice-que-se-desvio-por-culpa-del-clima\/","title":{"rendered":"<strong>China admiti\u00f3 que el globo que sobrevuela Latinoam\u00e9rica es suyo y dice que se desvi\u00f3 por culpa del clima<\/strong>"},"content":{"rendered":"\n<p>Seg\u00fan el r\u00e9gimen de Beijing, el dirigible no sigue su ruta programada por las condiciones meteorol\u00f3gicas. El paso de la aeronave se detect\u00f3 sobre Costa Rica, Colombia y Venezuela<\/p>\n\n\n\n<p>El r\u00e9gimen chino confirm\u00f3 este lunes que el globo identificado por<strong>&nbsp;Estados Unidos<\/strong>&nbsp;sobrevolando&nbsp;<strong>Am\u00e9rica Latina&nbsp;<\/strong>es suyo, despu\u00e9s de que un artefacto similar fuese derribado por Estados Unidos el pasado fin de semana.<\/p>\n\n\n\n<p>El&nbsp;<strong>Pent\u00e1gono&nbsp;<\/strong>afirm\u00f3 el viernes que un segundo supuesto globo esp\u00eda de China hab\u00eda sido detectado sobrevolando Latinoam\u00e9rica.<\/p>\n\n\n\n<p>El r\u00e9gimen chino confirm\u00f3 este lunes que el globo identificado por<strong>&nbsp;Estados Unidos<\/strong>&nbsp;sobrevolando&nbsp;<strong>Am\u00e9rica Latina&nbsp;<\/strong>es suyo, despu\u00e9s de que un artefacto similar fuese derribado por Estados Unidos el pasado fin de semana.<\/p>\n\n\n\n<p>El&nbsp;<strong>Pent\u00e1gono&nbsp;<\/strong>afirm\u00f3 el viernes que un segundo supuesto globo esp\u00eda de China hab\u00eda sido detectado sobrevolando Latinoam\u00e9rica.<\/p>\n\n\n\n<p>La fuerza a\u00e9rea colombiana indic\u00f3 que&nbsp;<strong>\u201cun objeto<\/strong>\u201d con \u201ccaracter\u00edsticas similares a las de un globo\u201d hab\u00eda sido detectado y monitoreado \u201chasta que abandon\u00f3 el espacio a\u00e9reo\u201d.<\/p>\n\n\n\n<p>La fuerza a\u00e9rea afirm\u00f3 que estaba investigando el incidente en coordinaci\u00f3n con otros pa\u00edses e instituciones \u201cpara establecer el origen del objeto\u201d.<\/p>\n\n\n\n<p>El Gobierno chino afirm\u00f3 que los pa\u00edses latinoamericanos \u201centienden\u201d que el globo&nbsp;<strong>no \u201crepresenta ninguna amenaza\u201d.&nbsp;<\/strong>Esa declaraci\u00f3n no fue refrendada por ning\u00fan gobierno de la regi\u00f3n hasta el\u00f1 momento.<\/p>\n\n\n\n<p>\u201cChina siempre se rige por la legislaci\u00f3n internacional, no representamos amenaza para ninguno de esos pa\u00edses y estos as\u00ed lo entienden\u201d, afirm\u00f3 este lunes la portavoz de Exteriores<strong>&nbsp;Mao Ning&nbsp;<\/strong>en la rueda de prensa diaria del departamento.<\/p>\n\n\n\n<p>Los pa\u00edses sobre los que se ha detectado el paso de la aeronave son&nbsp;<strong>Costa Rica<\/strong>,&nbsp;<strong>Colombia&nbsp;<\/strong>y&nbsp;<strong>Venezuela<\/strong>, seg\u00fan diferentes fuentes.<\/p>\n\n\n\n<p>Seg\u00fan Mao, el dirigible \u201c<strong>pertenece a China<\/strong>\u201d, se emplea \u201cpara pruebas de vuelo con motivos civiles\u201d y \u201cse vio afectado por las condiciones meteorol\u00f3gicas, adem\u00e1s de su limitada capacidad de maniobrabilidad, lo que provoc\u00f3 su entrada no intencionada en el espacio a\u00e9reo de pa\u00edses latinoamericanos\u201d.<\/p>\n\n\n\n<p>\u201cNos hemos comunicado con las partes relevantes y&nbsp;<strong>estamos manejando [la cuesti\u00f3n]&nbsp;<\/strong>de forma adecuada, y no causaremos ninguna amenaza a ning\u00fan pa\u00eds\u201d, continu\u00f3.<\/p>\n\n\n\n<p>El pasado viernes, el portavoz del Pent\u00e1gono, el general de brigada&nbsp;<strong>Patrick Ryder<\/strong>, anunci\u00f3 que EE.UU. hab\u00eda detectado un segundo dirigible, tras el descubierto el jueves en el espacio a\u00e9reo estadounidense, pero sobre los cielos de Latinoam\u00e9rica.<\/p>\n\n\n\n<p>China no hab\u00eda realizado comentarios al respecto de este segundo supuesto \u201cglobo esp\u00eda\u201d hasta este lunes.<\/p>\n\n\n\n<p>El descubrimiento del primero de estos globos en el espacio a\u00e9reo estadounidense desencaden\u00f3 una<strong>&nbsp;crisis diplom\u00e1tica&nbsp;<\/strong>entre Washington y Beijing y motiv\u00f3 la suspensi\u00f3n del viaje a China del secretario de Estado estadounidense&nbsp;<strong>Antony Blinken<\/strong>, quien deb\u00eda haber llegado a Beijing el domingo.<\/p>\n\n\n\n<p>La crisis se agudiz\u00f3 este s\u00e1bado despu\u00e9s de que EE. UU. derribara, por orden directa del presidente estadounidense,&nbsp;<strong>Joe Biden,<\/strong>&nbsp;la aeronave china que llevaba varios d\u00edas sobrevolando el pa\u00eds norteamericano.<\/p>\n\n\n\n<p>China protest\u00f3 por la decisi\u00f3n de Estados Unidos de derribar el globo, que, seg\u00fan Beijing, era de car\u00e1cter civil y se hab\u00eda desviado de curso a causa del viento.<\/p>\n","protected":false},"excerpt":{"rendered":"<p>Seg\u00fan el r\u00e9gimen de Beijing, el dirigible no sigue su ruta programada por las condiciones meteorol\u00f3gicas. El paso de la aeronave se detect\u00f3 sobre Costa Rica, Colombia y Venezuela El&hellip; <\/p>\n","protected":false},"author":7,"featured_media":38164,"comment_status":"closed","ping_status":"open","sticky":false,"template":"","format":"standard","meta":{"footnotes":""},"categories":[11],"tags":[],"class_list":["post-38162","post","type-post","status-publish","format-standard","has-post-thumbnail","hentry","category-internacionales"],"_links":{"self":[{"href":"https:\/\/corrientesdetarde.com\/index.php\/wp-json\/wp\/v2\/posts\/38162","targetHints":{"allow":["GET"]}}],"collection":[{"href":"https:\/\/corrientesdetarde.com\/index.php\/wp-json\/wp\/v2\/posts"}],"about":[{"href":"https:\/\/corrientesdetarde.com\/index.php\/wp-json\/wp\/v2\/types\/post"}],"author":[{"embeddable":true,"href":"https:\/\/corrientesdetarde.com\/index.php\/wp-json\/wp\/v2\/users\/7"}],"replies":[{"embeddable":true,"href":"https:\/\/corrientesdetarde.com\/index.php\/wp-json\/wp\/v2\/comments?post=38162"}],"version-history":[{"count":1,"href":"https:\/\/corrientesdetarde.com\/index.php\/wp-json\/wp\/v2\/posts\/38162\/revisions"}],"predecessor-version":[{"id":38165,"href":"https:\/\/corrientesdetarde.com\/index.php\/wp-json\/wp\/v2\/posts\/38162\/revisions\/38165"}],"wp:featuredmedia":[{"embeddable":true,"href":"https:\/\/corrientesdetarde.com\/index.php\/wp-json\/wp\/v2\/media\/38164"}],"wp:attachment":[{"href":"https:\/\/corrientesdetarde.com\/index.php\/wp-json\/wp\/v2\/media?parent=38162"}],"wp:term":[{"taxonomy":"category","embeddable":true,"href":"https:\/\/corrientesdetarde.com\/index.php\/wp-json\/wp\/v2\/categories?post=38162"},{"taxonomy":"post_tag","embeddable":true,"href":"https:\/\/corrientesdetarde.com\/index.php\/wp-json\/wp\/v2\/tags?post=38162"}],"curies":[{"name":"wp","href":"https:\/\/api.w.org\/{rel}","templated":true}]}}