{"id":38166,"date":"2023-02-06T10:49:29","date_gmt":"2023-02-06T13:49:29","guid":{"rendered":"https:\/\/corrientesdetarde.com\/?p=38166"},"modified":"2023-02-06T10:49:30","modified_gmt":"2023-02-06T13:49:30","slug":"susana-gimenez-sufrio-un-incendio-en-su-casa-de-miami-por-suerte-estabamos-despiertas","status":"publish","type":"post","link":"https:\/\/corrientesdetarde.com\/index.php\/espectaculos\/susana-gimenez-sufrio-un-incendio-en-su-casa-de-miami-por-suerte-estabamos-despiertas\/","title":{"rendered":"<strong>Susana Gim\u00e9nez sufri\u00f3 un incendio en su casa de Miami: \u201cPor suerte est\u00e1bamos despiertas\u201d<\/strong>"},"content":{"rendered":"\n<p>La diva cont\u00f3 que se produjo un corto circuito en su vivienda de Venetian Island y que esto fue lo que inici\u00f3 el fuego<\/p>\n\n\n\n<p><strong>Susana Gim\u00e9nez&nbsp;<\/strong>viaj\u00f3 a Miami para disfrutar de unas vacaciones como todos los a\u00f1os. Sin embargo, en las \u00faltimas horas vivi\u00f3 un momento aterrador, cuando su casa de Venetian Island tuvo un principio de incendio. La noticia se filtr\u00f3 y, para llevar tranquilidad a sus seguidores, fue la propia diva la que se encarg\u00f3 de contar lo sucedido a trav\u00e9s de un posteo que public\u00f3 en su cuenta de Instagram.<\/p>\n\n\n\n<p>\u201cGracias a todos los que se preocuparon por saber c\u00f3mo estamos. Tuvimos en casa un corto circuito el\u00e9ctrico provocado por la lluvia y un enchufe del jard\u00edn. Por suerte nosotras est\u00e1bamos despiertas y empezamos a sentir humo, llamamos a los bomberos y llegaron inmediatamente. Todo fue r\u00e1pidamente solucionado. No se como trascendi\u00f3, pero gracias a Dios no fue mas que un susto. \u00a1Besos!\u201d, escribi\u00f3 la conductora junto a la foto de su mansi\u00f3n.<\/p>\n\n\n\n<p>Seg\u00fan trascendi\u00f3, la residencia se hab\u00eda llenado de humo y los bomberos habr\u00edan tenido que derribar una pared para sofocar el fuego. Dada esta situaci\u00f3n, la vivienda se habr\u00eda quedado temporariamente sin agua ni luz el\u00e9ctrica, aunque todo esto podr\u00eda ser solucionado en breve.<\/p>\n\n\n\n<p>El domingo 29 de enero,&nbsp;Susana celebr\u00f3 su cumplea\u00f1os n\u00famero 79. Durante todo el d\u00eda, las redes sociales se nutrieron de saludos y an\u00e9cdotas vinculadas a la trayectoria de la diva, una de las artistas m\u00e1s queridas por el p\u00fablico argentino. A modo de agradecimiento, ella replic\u00f3 algunos de los m\u00e1s significativos, como los de<strong>&nbsp;Wanda Nara, Julieta Nair Calvo<\/strong>, su gran amiga&nbsp;<strong>Teresa Calandra<\/strong>&nbsp;y su hermano<strong>&nbsp;Patricio Gim\u00e9nez<\/strong>.<\/p>\n\n\n\n<p>A diferencia de a\u00f1os anteriores, esta vez la diva eligi\u00f3 celebrar en un marco de m\u00e1s sencillez. Radicada en Uruguay desde mediados de 2020, en su hist\u00f3rica chacra La Mary, vol\u00f3 a Miami para soplar all\u00ed las velitas y opt\u00f3 por mantenerlo a resguardo de las redes. Sin embargo, el encargado de mostrar parte de la intimidad de la celebraci\u00f3n fue&nbsp;<strong>Federico Levrino<\/strong>, productor y amigo, que subi\u00f3 a su Instagram algunos momentos del encuentro celebrado en la noche del domingo.<\/p>\n\n\n\n<p>En uno de los videos se la ve muy divertida disfrutando al aire libre de un espect\u00e1culo de mariachis, una de las sorpresas del festejo. En el jard\u00edn, cerca de la piscina, el grupo de m\u00fasicos ejecuta una de las t\u00edpicas melod\u00edas mexicanas mientras la homenajeada y su hija,&nbsp;<strong>Mercedes Sarrabayrouse<\/strong>, aplauden animadas desde las escalinatas de la mansi\u00f3n.<\/p>\n\n\n\n<p>Pero Levrino tambi\u00e9n dej\u00f3 espiar parte de la decoraci\u00f3n del sal\u00f3n, con un paneo durante la recepci\u00f3n a la fiesta. Todo ambientado en las tonalidades blancas y rosa y coronado por un imponente centro de mesa. Y mencion\u00f3 en su publicaci\u00f3n a&nbsp;<strong>Dar\u00edo Turovelzky y Guillermo Pendino,<\/strong>&nbsp;las m\u00e1ximas autoridades del conglomerado del que forma parte Telefe, lo que sumado al saludo de la cuenta oficial del canal de las pelotas, abre las especulaciones de cara al futuro televisivo de la diva. Algunas versiones apuntan a su vuelta en la segunda mitad de este a\u00f1o, ya sea en la emisora o en la plataforma Paramount+, donde se vieron sus \u00faltimas intervenciones con sendas entrevistas.<\/p>\n\n\n\n<p>Durante la tarde del domingo, promediando su natalicio, Susana comparti\u00f3 con sus m\u00e1s de 3 millones de seguidores de Instagram un regalo muy especial que le hizo su amiga asistente,&nbsp;<strong>In\u00e9s Hern\u00e1ndez,<\/strong>&nbsp;\u00bfDe qu\u00e9 se trat\u00f3? De un video musicalizado con el tema&nbsp;<em>Tacones Rojos&nbsp;<\/em>de Yatra, en el que recopil\u00f3 las mejores producciones fotogr\u00e1ficas realizadas por la diva.<\/p>\n","protected":false},"excerpt":{"rendered":"<p>La diva cont\u00f3 que se produjo un corto circuito en su vivienda de Venetian Island y que esto fue lo que inici\u00f3 el fuego Susana Gim\u00e9nez&nbsp;viaj\u00f3 a Miami para disfrutar&hellip; <\/p>\n","protected":false},"author":7,"featured_media":38168,"comment_status":"closed","ping_status":"open","sticky":false,"template":"","format":"standard","meta":{"footnotes":""},"categories":[19],"tags":[],"class_list":["post-38166","post","type-post","status-publish","format-standard","has-post-thumbnail","hentry","category-espectaculos"],"_links":{"self":[{"href":"https:\/\/corrientesdetarde.com\/index.php\/wp-json\/wp\/v2\/posts\/38166","targetHints":{"allow":["GET"]}}],"collection":[{"href":"https:\/\/corrientesdetarde.com\/index.php\/wp-json\/wp\/v2\/posts"}],"about":[{"href":"https:\/\/corrientesdetarde.com\/index.php\/wp-json\/wp\/v2\/types\/post"}],"author":[{"embeddable":true,"href":"https:\/\/corrientesdetarde.com\/index.php\/wp-json\/wp\/v2\/users\/7"}],"replies":[{"embeddable":true,"href":"https:\/\/corrientesdetarde.com\/index.php\/wp-json\/wp\/v2\/comments?post=38166"}],"version-history":[{"count":1,"href":"https:\/\/corrientesdetarde.com\/index.php\/wp-json\/wp\/v2\/posts\/38166\/revisions"}],"predecessor-version":[{"id":38169,"href":"https:\/\/corrientesdetarde.com\/index.php\/wp-json\/wp\/v2\/posts\/38166\/revisions\/38169"}],"wp:featuredmedia":[{"embeddable":true,"href":"https:\/\/corrientesdetarde.com\/index.php\/wp-json\/wp\/v2\/media\/38168"}],"wp:attachment":[{"href":"https:\/\/corrientesdetarde.com\/index.php\/wp-json\/wp\/v2\/media?parent=38166"}],"wp:term":[{"taxonomy":"category","embeddable":true,"href":"https:\/\/corrientesdetarde.com\/index.php\/wp-json\/wp\/v2\/categories?post=38166"},{"taxonomy":"post_tag","embeddable":true,"href":"https:\/\/corrientesdetarde.com\/index.php\/wp-json\/wp\/v2\/tags?post=38166"}],"curies":[{"name":"wp","href":"https:\/\/api.w.org\/{rel}","templated":true}]}}