{"id":38171,"date":"2023-02-06T10:54:23","date_gmt":"2023-02-06T13:54:23","guid":{"rendered":"https:\/\/corrientesdetarde.com\/?p=38171"},"modified":"2023-02-06T10:54:27","modified_gmt":"2023-02-06T13:54:27","slug":"el-banco-central-acelero-el-ritmo-de-devaluacion-para-no-atrasar-al-dolar","status":"publish","type":"post","link":"https:\/\/corrientesdetarde.com\/index.php\/nacionales\/el-banco-central-acelero-el-ritmo-de-devaluacion-para-no-atrasar-al-dolar\/","title":{"rendered":"<strong>El Banco Central aceler\u00f3 el ritmo de devaluaci\u00f3n para no atrasar al d\u00f3lar<\/strong>"},"content":{"rendered":"\n<p>Ante la ca\u00edda de reservas a que se vio forzado y las dificultades que se insin\u00faan para cumplir las metas con el Fondo Monetario, debi\u00f3 cambiar de paso<\/p>\n\n\n\n<p>La ca\u00edda del desempleo en Estados Unidos sorprendi\u00f3 a los analistas y a los inversores que temen que la Reserva Federal, ante este dato que advierte que la inflaci\u00f3n sigue siendo una amenaza, revea su decisi\u00f3n de tener una pol\u00edtica monetaria m\u00e1s laxa porque el trabajo m\u00e1s duro fue hecho<\/p>\n\n\n\n<p>De hecho, la tasa de los bonos del Tesoro norteamericano a 10 a\u00f1os tuvieron una fuerte alza a 4 por ciento. Las acciones en Wall Street y el Nasdaq interrumpieron las subas, apenas conocida la noticia. Los \u00edndices terminaron en rojo.<\/p>\n\n\n\n<p>Por supuesto, m\u00e1s afectados a\u00fan fueron los bonos de los pa\u00edses emergentes. El EEM, el indicador que los representa, cay\u00f3 1,8% y el de Brasil, el EWZ, perdi\u00f3 1,8 por ciento.<\/p>\n\n\n\n<p>Los bonos de la deuda externa argentina tambi\u00e9n se hundieron y despu\u00e9s de algunas ruedas promisorias, algunos llegaron a perder m\u00e1s de 2%. El GD30D, uno de los m\u00e1s demandados por los inversores, debido a que es el que utiliza el Banco Central para regular el precio de los d\u00f3lares alternativos, perdi\u00f3 1,30% y la autoridad monetaria no pudo hacer nada para sostenerlo.<\/p>\n\n\n\n<p>De esta manera, el riesgo pa\u00eds subi\u00f3 50 unidades (+2,78%) a 1.845 puntos b\u00e1sicos. La estad\u00eda en el rango de los 1.700 puntos le dur\u00f3 24 horas. Tambi\u00e9n se derrumbaron las acciones. Con un escaso monto de negocios de $3.260 millones, el S&amp;P Merval, el \u00edndice de las acciones l\u00edderes cedi\u00f3 3,81 por ciento.<\/p>\n\n\n\n<p><strong>Retirada<\/strong><\/p>\n\n\n\n<p>La salida de los inversores de mercados emergentes y de las acciones no solo es por temor a una recesi\u00f3n en Estados Unidos, sino por el nuevo frente de conflicto que se abri\u00f3 con China y que puede afectar a las inversiones norteamericanas en ese pa\u00eds.<\/p>\n\n\n\n<p>Esas se\u00f1ales de recesi\u00f3n ya las est\u00e1 viviendo la econom\u00eda argentina. El economista<strong>&nbsp;Salvador Di Stefano<\/strong>&nbsp;advirti\u00f3 en su \u00faltimo informe que la recaudaci\u00f3n tributaria de los \u00faltimos 12 meses, fue inferior a la inflaci\u00f3n. En ese lapso la recaudaci\u00f3n subi\u00f3 87,1% contra una inflaci\u00f3n de 98%. Y esto tiene relaci\u00f3n con la ca\u00edda de las importaciones que de USD 8.432 millones en junio bajaron a 5.087 millones en diciembre.<\/p>\n\n\n\n<p>Por otra parte, tambi\u00e9n bajaron m\u00e1s de 3% las ventas de las Pymes. La actividad econ\u00f3mica est\u00e1 comprometida.&nbsp;<strong>Salvador Vitelli<\/strong>, analista econ\u00f3mico y especialista en agronegocios, advierte que este comienzo del a\u00f1o es el peor desde 2014. \u201cEl Banco Central lleva vendidos en 2023 USD 337 millones. Si no hubiera sido por el ingreso a principios de enero de inversiones chinas por USD 200 millones, el panorama ser\u00eda m\u00e1s cr\u00edtico\u201d. El viernes el Banco Central vendi\u00f3 USD 49 millones a los importadores con los que mantiene una deuda de USD 8.000 millones.<\/p>\n\n\n\n<p>\u201cYa se est\u00e1 hablando de un nuevo d\u00f3lar soja en marzo para cumplir con las metas de reservas del FMI. Pero va a ser dif\u00edcil que alcancen el objetivo. La Bolsa de Rosario estim\u00f3 que queda un stock de 4 millones de toneladas de soja sin vender que no alcanzan para cubrir esas exigencias. Adem\u00e1s, si ese remanente no se vendi\u00f3 con el primero ni el segundo d\u00f3lar soja, por qu\u00e9 vamos a pensar que se va a vender ahora. Adem\u00e1s, en marzo va a ser muy dif\u00edcil que haya un volumen m\u00e1s grande de liquidaciones porque la mayor\u00eda de la soja se sembr\u00f3 tarde por la sequ\u00eda. Reci\u00e9n en abril y mayo vamos a ver la cosecha gruesa\u201d, agreg\u00f3 Vitelli.<\/p>\n\n\n\n<p>Una se\u00f1al importante fue la devaluaci\u00f3n del viernes. El d\u00f3lar aument\u00f3 46 centavos a $188,04 y es el porcentaje m\u00e1s alto del a\u00f1o. Es 0,24% que anualizado equivale a 140%. Es indudable que hay una necesidad de no atrasar el tipo de cambio ante la falta de reservas. La devaluaci\u00f3n de febrero ven\u00eda a un ritmo de 5,1% mensual.<\/p>\n\n\n\n<p><strong>D\u00f3lares que se van<\/strong><\/p>\n\n\n\n<p>El viernes las reservas perdieron USD 297 millones por un pago al FMI y quedaron en USD 41.019 millones. Al mismo tiempo, el informe diario de&nbsp;<strong>Andr\u00e9s Reschni<\/strong>&nbsp;observa que el viernes hubo una fuerte venta de d\u00f3lares futuro y se pregunta si no intervino el Banco Central porque se operaron en el MATBA Rofex 1.468.528 contratos que \u201ces por lejos el mayor volumen de los \u00faltimos 10 a\u00f1os para la primera rueda de febrero y supera el promedio de los 9 a\u00f1os anteriores en 225%\u201d.<\/p>\n\n\n\n<p>El viernes, por otra parte, se moder\u00f3 la intervenci\u00f3n en el mercado cambiario porque bajaron el volumen de operaciones habituales en la mitad de la rueda. De hecho, se redujo el volumen de negocios en d\u00f3lares alternativos a USD 200 millones. El Banco Central apareci\u00f3 en los \u00faltimos minutos de la rueda con una importante postura para que no se dispare. De esta manera, consigui\u00f3 bajar el contado con liquidaci\u00f3n $3,82% (-1,04%) a $362,95, pero dej\u00f3 correr al MEP que subi\u00f3 $2,61 (+0,7%) a 357,36 pesos.<\/p>\n\n\n\n<p>Hoy comienza una semana complicada porque se conocer\u00e1 la inflaci\u00f3n de enero y el Ministerio de Econom\u00eda est\u00e1 pensando en hacer ajustes porque el escenario se le complic\u00f3 por la falta de d\u00f3lares. Acelerar la devaluaci\u00f3n le quita una de las herramientas antiinflacionarias preferidas, junto al control de precios.<\/p>\n","protected":false},"excerpt":{"rendered":"<p>Ante la ca\u00edda de reservas a que se vio forzado y las dificultades que se insin\u00faan para cumplir las metas con el Fondo Monetario, debi\u00f3 cambiar de paso La ca\u00edda&hellip; <\/p>\n","protected":false},"author":7,"featured_media":38172,"comment_status":"closed","ping_status":"open","sticky":false,"template":"","format":"standard","meta":{"footnotes":""},"categories":[10],"tags":[],"class_list":["post-38171","post","type-post","status-publish","format-standard","has-post-thumbnail","hentry","category-nacionales"],"_links":{"self":[{"href":"https:\/\/corrientesdetarde.com\/index.php\/wp-json\/wp\/v2\/posts\/38171","targetHints":{"allow":["GET"]}}],"collection":[{"href":"https:\/\/corrientesdetarde.com\/index.php\/wp-json\/wp\/v2\/posts"}],"about":[{"href":"https:\/\/corrientesdetarde.com\/index.php\/wp-json\/wp\/v2\/types\/post"}],"author":[{"embeddable":true,"href":"https:\/\/corrientesdetarde.com\/index.php\/wp-json\/wp\/v2\/users\/7"}],"replies":[{"embeddable":true,"href":"https:\/\/corrientesdetarde.com\/index.php\/wp-json\/wp\/v2\/comments?post=38171"}],"version-history":[{"count":1,"href":"https:\/\/corrientesdetarde.com\/index.php\/wp-json\/wp\/v2\/posts\/38171\/revisions"}],"predecessor-version":[{"id":38173,"href":"https:\/\/corrientesdetarde.com\/index.php\/wp-json\/wp\/v2\/posts\/38171\/revisions\/38173"}],"wp:featuredmedia":[{"embeddable":true,"href":"https:\/\/corrientesdetarde.com\/index.php\/wp-json\/wp\/v2\/media\/38172"}],"wp:attachment":[{"href":"https:\/\/corrientesdetarde.com\/index.php\/wp-json\/wp\/v2\/media?parent=38171"}],"wp:term":[{"taxonomy":"category","embeddable":true,"href":"https:\/\/corrientesdetarde.com\/index.php\/wp-json\/wp\/v2\/categories?post=38171"},{"taxonomy":"post_tag","embeddable":true,"href":"https:\/\/corrientesdetarde.com\/index.php\/wp-json\/wp\/v2\/tags?post=38171"}],"curies":[{"name":"wp","href":"https:\/\/api.w.org\/{rel}","templated":true}]}}