{"id":38183,"date":"2023-02-06T11:02:50","date_gmt":"2023-02-06T14:02:50","guid":{"rendered":"https:\/\/corrientesdetarde.com\/?p=38183"},"modified":"2023-02-06T11:02:54","modified_gmt":"2023-02-06T14:02:54","slug":"corea-del-sur-reporto-un-incremento-en-las-actividades-militares-del-regimen-de-kim-jong-un-por-un-supuesto-desfile","status":"publish","type":"post","link":"https:\/\/corrientesdetarde.com\/index.php\/internacionales\/corea-del-sur-reporto-un-incremento-en-las-actividades-militares-del-regimen-de-kim-jong-un-por-un-supuesto-desfile\/","title":{"rendered":"<strong>Corea del Sur report\u00f3 un incremento en las actividades militares del r\u00e9gimen de Kim Jong-un por un supuesto desfile<\/strong>"},"content":{"rendered":"\n<p>Expertos han se\u00f1alado el movimiento de veh\u00edculos, tropas y otros activos militares del Norte en los \u00faltimos d\u00edas de cara al aniversario en los aer\u00f3dromos de Sunan y Mirim<\/p>\n\n\n\n<p>El Ej\u00e9rcito de&nbsp;<strong>Corea del Sur<\/strong>&nbsp;se\u00f1al\u00f3 este lunes que&nbsp;<strong>est\u00e1 vigilando la \u201cintensificaci\u00f3n de las actividades\u201d en Corea del Norte&nbsp;<\/strong>dirigidas aparentemente a la celebraci\u00f3n de un desfile militar en los pr\u00f3ximos d\u00edas, coincidiendo con un importante aniversario para el r\u00e9gimen.<\/p>\n\n\n\n<p>Un portavoz del Estado Mayor Conjunto (JCS) surcoreano dijo en una rueda de prensa que<strong>&nbsp;se han observado actividades crecientes<\/strong>&nbsp;relacionadas con los \u201cpreparativos\u201d del Norte ante la proximidad de la fecha del 8 de febrero, cuando se celebra el 75 aniversario del Ej\u00e9rcito norcoreano.<\/p>\n\n\n\n<p>\u201cEstamos observando con mayor inter\u00e9s conforme se acerca la fecha del evento\u201d, dijo el portavoz,&nbsp;<strong>Lee Sung-jun<\/strong>, quien evit\u00f3 hacer p\u00fablicos m\u00e1s detalles sobre los an\u00e1lisis del Ej\u00e9rcito surcoreano.<\/p>\n\n\n\n<p>Expertos han se\u00f1alado el movimiento de veh\u00edculos, tropas y otros activos militares del Norte en los \u00faltimos d\u00edas de cara al aniversario en los aer\u00f3dromos de Sunan y Mirim, en la capital norcoreana, a partir de im\u00e1genes tomadas por sat\u00e9lites comerciales.<\/p>\n\n\n\n<p>El medio especializado en Corea del Norte&nbsp;<em>NK News<\/em>&nbsp;viene haci\u00e9ndose eco desde hace semanas de los aparentes preparativos del r\u00e9gimen para un nuevo desfile militar, en el que se cree que podr\u00edan exhibirse misiles y otras piezas de armamento del herm\u00e9tico r\u00e9gimen que lidera Kim Jong-un.<\/p>\n\n\n\n<p>Este mismo medio recoge que en los \u00faltimos d\u00edas&nbsp;<strong>se han visto cazas realizando maniobras nocturnas en formaci\u00f3n&nbsp;<\/strong>y empleando luces LED y bengalas en el cielo de la capital norcoreana, as\u00ed como la instalaci\u00f3n de amplias estructuras en la plaza de Kim Il-sung, habitual escenario de los desfiles del Norte.<\/p>\n\n\n\n<p>Pyongyang celebr\u00f3 en 2018 el 70 aniversario de la creaci\u00f3n del Ej\u00e9rcito Popular de Corea con un desfile militar, mientras que el \u00faltimo evento de exhibici\u00f3n de este tipo que ha tenido lugar en Corea del Norte fue el pasado 25 de abril, para conmemorar los 90 a\u00f1os de la fundaci\u00f3n de las fuerzas militares nacionales.<\/p>\n\n\n\n<p>El r\u00e9gimen considera que el Ej\u00e9rcito Popular de Corea se fund\u00f3 el 25 de abril de 1932, cuando Kim Il-sung (abuelo del actual l\u00edder y fundador del pa\u00eds) estableci\u00f3 una guerrilla para combatir la ocupaci\u00f3n japonesa, aunque durante algunos a\u00f1os la fecha se cambi\u00f3 al 8 de febrero, que es el d\u00eda de 1948 en el que se estableci\u00f3 formalmente.<\/p>\n\n\n\n<p><strong>Amenazas del Norte<\/strong><\/p>\n\n\n\n<p>El r\u00e9gimen de&nbsp;<strong>Kim Jong-un<\/strong>&nbsp;amenaz\u00f3 la semana pasada con responder a las acciones militares estadounidenses en la regi\u00f3n \u201ccon una abrumadora fuerza nuclear\u201d, tras la visita a Se\u00fal del&nbsp;<strong>Secretario de Defensa de Estados Unidos<\/strong>,&nbsp;<strong>Lloyd Austin.<\/strong><\/p>\n\n\n\n<p>\u201cLa Rep\u00fablica Popular Democr\u00e1tica de Corea tiene una clara estrategia de contraataque capaz de hacer frente a cualquier escenario a corto y largo plazo que intenten EEUU y sus fuerzas vasallas, y controlar\u00e1 fuertemente los desaf\u00edos potenciales presentes y futuros con la fuerza nuclear m\u00e1s abrumadora\u201d, declar\u00f3 un portavoz del r\u00e9gimen norcoreano a su agencia de propaganda&nbsp;<em>KCNA<\/em>.<\/p>\n\n\n\n<p>El portavoz de&nbsp;<strong>Corea del Norte acus\u00f3 a Washington de ser el responsable de la escalada de tensiones en la pen\u00ednsula coreana<\/strong>, asegurando que la situaci\u00f3n pol\u00edtica y militar est\u00e1 en una \u201cl\u00ednea roja\u201d.<\/p>\n","protected":false},"excerpt":{"rendered":"<p>Expertos han se\u00f1alado el movimiento de veh\u00edculos, tropas y otros activos militares del Norte en los \u00faltimos d\u00edas de cara al aniversario en los aer\u00f3dromos de Sunan y Mirim El&hellip; <\/p>\n","protected":false},"author":7,"featured_media":38184,"comment_status":"closed","ping_status":"open","sticky":false,"template":"","format":"standard","meta":{"footnotes":""},"categories":[11],"tags":[],"class_list":["post-38183","post","type-post","status-publish","format-standard","has-post-thumbnail","hentry","category-internacionales"],"_links":{"self":[{"href":"https:\/\/corrientesdetarde.com\/index.php\/wp-json\/wp\/v2\/posts\/38183","targetHints":{"allow":["GET"]}}],"collection":[{"href":"https:\/\/corrientesdetarde.com\/index.php\/wp-json\/wp\/v2\/posts"}],"about":[{"href":"https:\/\/corrientesdetarde.com\/index.php\/wp-json\/wp\/v2\/types\/post"}],"author":[{"embeddable":true,"href":"https:\/\/corrientesdetarde.com\/index.php\/wp-json\/wp\/v2\/users\/7"}],"replies":[{"embeddable":true,"href":"https:\/\/corrientesdetarde.com\/index.php\/wp-json\/wp\/v2\/comments?post=38183"}],"version-history":[{"count":1,"href":"https:\/\/corrientesdetarde.com\/index.php\/wp-json\/wp\/v2\/posts\/38183\/revisions"}],"predecessor-version":[{"id":38185,"href":"https:\/\/corrientesdetarde.com\/index.php\/wp-json\/wp\/v2\/posts\/38183\/revisions\/38185"}],"wp:featuredmedia":[{"embeddable":true,"href":"https:\/\/corrientesdetarde.com\/index.php\/wp-json\/wp\/v2\/media\/38184"}],"wp:attachment":[{"href":"https:\/\/corrientesdetarde.com\/index.php\/wp-json\/wp\/v2\/media?parent=38183"}],"wp:term":[{"taxonomy":"category","embeddable":true,"href":"https:\/\/corrientesdetarde.com\/index.php\/wp-json\/wp\/v2\/categories?post=38183"},{"taxonomy":"post_tag","embeddable":true,"href":"https:\/\/corrientesdetarde.com\/index.php\/wp-json\/wp\/v2\/tags?post=38183"}],"curies":[{"name":"wp","href":"https:\/\/api.w.org\/{rel}","templated":true}]}}