{"id":38186,"date":"2023-02-06T11:07:21","date_gmt":"2023-02-06T14:07:21","guid":{"rendered":"https:\/\/corrientesdetarde.com\/?p=38186"},"modified":"2023-02-06T11:07:24","modified_gmt":"2023-02-06T14:07:24","slug":"canada-desplego-un-avion-militar-sobre-haiti-para-ayudar-a-combatir-a-las-bandas-criminales","status":"publish","type":"post","link":"https:\/\/corrientesdetarde.com\/index.php\/internacionales\/canada-desplego-un-avion-militar-sobre-haiti-para-ayudar-a-combatir-a-las-bandas-criminales\/","title":{"rendered":"<strong>Canad\u00e1 despleg\u00f3 un avi\u00f3n militar sobre Hait\u00ed para ayudar a combatir a las bandas criminales<\/strong>"},"content":{"rendered":"\n<p>El Ministerio de Defensa canadiense indic\u00f3 que el CP-140 Aurora proporcionar\u00e1 informaci\u00f3n, vigilancia y reconocimiento para ayudar a las fuerzas de seguridad haitianas en su lucha por desarticular las actividades de las pandillas<\/p>\n\n\n\n<p>Canad\u00e1 despleg\u00f3&nbsp;<strong>un avi\u00f3n militar de vigilancia CP-140 Aurora<\/strong>&nbsp;en Hait\u00ed para ayudar a combatir las actividades de las bandas criminales en el pa\u00eds caribe\u00f1o ante la \u201cprecaria\u201d seguridad y en apoyo de la Polic\u00eda Nacional haitiana, seg\u00fan confirmaron este domingo las autoridades canadienses.<\/p>\n\n\n\n<p><strong>El avi\u00f3n proporcionar\u00e1 informaci\u00f3n, vigilancia y reconocimiento<\/strong>&nbsp;\u201cpara reforzar los esfuerzos para establecer y mantener la paz y la seguridad para la poblaci\u00f3n de Hait\u00ed\u201d, explic\u00f3 el Ministerio de Defensa de Canad\u00e1 en un comunicado.<\/p>\n\n\n\n<p>Consultadas por la agencia&nbsp;<em>EFE<\/em>, las autoridades canadienses no detallaron cu\u00e1l ser\u00e1 la duraci\u00f3n de la operaci\u00f3n del CP-140 Aurora y se limitaron a se\u00f1alar que<strong>&nbsp;se mantendr\u00e1 en Hait\u00ed \u201cdurante d\u00edas\u201d.<\/strong><\/p>\n\n\n\n<p>La ministra de Defensa de Canad\u00e1,&nbsp;<strong>Anita Annand<\/strong>, declar\u00f3 que \u201cel despliegue del avi\u00f3n de patrulla canadiense fortalecer\u00e1 los esfuerzos para luchar contra actos criminales de violencia y establecer las condiciones necesarias para un futuro pac\u00edfico y pr\u00f3spero\u201d.<\/p>\n\n\n\n<p>En los \u00faltimos meses, Canad\u00e1 ha liderado los esfuerzos de la comunidad internacional para atajar la crisis humanitaria que se vive en Hait\u00ed por las actividades de poderosas organizaciones criminales vinculadas con destacados pol\u00edticos del pa\u00eds.<\/p>\n\n\n\n<p>En octubre, Canad\u00e1 y Estados Unidos discutieron&nbsp;<strong>el establecimiento de una fuerza de intervenci\u00f3n internacional para estabilizar el pa\u00eds.<\/strong><\/p>\n\n\n\n<p>Los dos pa\u00edses se\u00f1alaron que est\u00e1n en conversaciones con otros Gobiernos para la formaci\u00f3n de la fuerza bajo el paraguas de la ONU.<\/p>\n\n\n\n<p>Este domingo, la ministra de Asuntos Exteriores de Canad\u00e1,&nbsp;<strong>M\u00e9lanie Joly<\/strong>, insisti\u00f3 al se\u00f1alar que \u201cla comunidad internacional tiene un papel que jugar en respuesta a la actual crisis humanitaria y de seguridad, y Canad\u00e1 est\u00e1 comprometida a asumir un papel de liderazgo\u201d.<\/p>\n\n\n\n<p>El Gobierno canadiense tambi\u00e9n ha impuesto sanciones contra destacados pol\u00edticos haitianos, en activo y retirados, a los que acusa de facilitar y promover las actividades de las bandas criminales que operan en el pa\u00eds.<\/p>\n\n\n\n<p>Y en octubre de 2022 y enero de 2023, Ottawa entreg\u00f3 a la Polic\u00eda Nacional de Hait\u00ed veh\u00edculos blindados para combatir los grupos armados.<\/p>\n\n\n\n<p>Por su parte, la semana pasada la enviada de la&nbsp;<strong>ONU<\/strong>&nbsp;para&nbsp;<strong>Hait\u00ed<\/strong>,&nbsp;<strong>Helen La Lime<\/strong>, asegur\u00f3 que sigue confiando en que la comunidad internacional acuerde el&nbsp;<strong>env\u00edo de una fuerza armada&nbsp;<\/strong>al pa\u00eds caribe\u00f1o para ayudar a combatir a las pandillas, tal y como solicit\u00f3 el Gobierno haitiano el pasado octubre.<\/p>\n\n\n\n<p>Esa operaci\u00f3n no se ha materializado hasta ahora ante la falta de pa\u00edses dispuestos a liderarla, seg\u00fan han explicado varias fuentes diplom\u00e1ticas, pero La Lime subray\u00f3 que las conversaciones contin\u00faan y que espera que pueda haber una<strong>&nbsp;decisi\u00f3n pronto.<\/strong><\/p>\n\n\n\n<p>La responsable de Naciones Unidas apunt\u00f3 que ahora mismo la pelota est\u00e1 del lado del Consejo de Seguridad, que el martes analiz\u00f3 la situaci\u00f3n en Hait\u00ed y con cuyos miembros se reuni\u00f3 en Nueva York, a pesar de que no vaya a ser una operaci\u00f3n bajo bandera de la ONU.<\/p>\n\n\n\n<p>\u201cHay un reconocimiento de que es<strong>&nbsp;hora de sentarse y lidiar con esta cuesti\u00f3n de la fuerza<\/strong>. Mi esperanza es que el Consejo de Seguridad haga eso ahora\u201d, explic\u00f3 en una conferencia de prensa.<\/p>\n\n\n\n<p>Hait\u00ed reiter\u00f3 ese mismo pedido ante la Organizaci\u00f3n de Estados Americanos (OEA), tambi\u00e9n la semana pasada. \u201cPara llegar a las elecciones, la seguridad es una condici\u00f3n fundamental (\u2026) sin el apoyo de una fuerza internacional en el terreno, Hait\u00ed no lograr\u00e1 la seguridad deseada\u201d, dijo el embajador haitiano en la OEA, Leon Charles, en una reuni\u00f3n del Consejo Permanente del organismo, con sede en Washington.<\/p>\n\n\n\n<p><strong>Hait\u00ed busca convocar elecciones generales este a\u00f1o<\/strong>, pese a estar inmerso en una profunda crisis pol\u00edtica y de seguridad.<\/p>\n","protected":false},"excerpt":{"rendered":"<p>El Ministerio de Defensa canadiense indic\u00f3 que el CP-140 Aurora proporcionar\u00e1 informaci\u00f3n, vigilancia y reconocimiento para ayudar a las fuerzas de seguridad haitianas en su lucha por desarticular las actividades&hellip; <\/p>\n","protected":false},"author":7,"featured_media":38187,"comment_status":"closed","ping_status":"open","sticky":false,"template":"","format":"standard","meta":{"footnotes":""},"categories":[11],"tags":[],"class_list":["post-38186","post","type-post","status-publish","format-standard","has-post-thumbnail","hentry","category-internacionales"],"_links":{"self":[{"href":"https:\/\/corrientesdetarde.com\/index.php\/wp-json\/wp\/v2\/posts\/38186","targetHints":{"allow":["GET"]}}],"collection":[{"href":"https:\/\/corrientesdetarde.com\/index.php\/wp-json\/wp\/v2\/posts"}],"about":[{"href":"https:\/\/corrientesdetarde.com\/index.php\/wp-json\/wp\/v2\/types\/post"}],"author":[{"embeddable":true,"href":"https:\/\/corrientesdetarde.com\/index.php\/wp-json\/wp\/v2\/users\/7"}],"replies":[{"embeddable":true,"href":"https:\/\/corrientesdetarde.com\/index.php\/wp-json\/wp\/v2\/comments?post=38186"}],"version-history":[{"count":1,"href":"https:\/\/corrientesdetarde.com\/index.php\/wp-json\/wp\/v2\/posts\/38186\/revisions"}],"predecessor-version":[{"id":38188,"href":"https:\/\/corrientesdetarde.com\/index.php\/wp-json\/wp\/v2\/posts\/38186\/revisions\/38188"}],"wp:featuredmedia":[{"embeddable":true,"href":"https:\/\/corrientesdetarde.com\/index.php\/wp-json\/wp\/v2\/media\/38187"}],"wp:attachment":[{"href":"https:\/\/corrientesdetarde.com\/index.php\/wp-json\/wp\/v2\/media?parent=38186"}],"wp:term":[{"taxonomy":"category","embeddable":true,"href":"https:\/\/corrientesdetarde.com\/index.php\/wp-json\/wp\/v2\/categories?post=38186"},{"taxonomy":"post_tag","embeddable":true,"href":"https:\/\/corrientesdetarde.com\/index.php\/wp-json\/wp\/v2\/tags?post=38186"}],"curies":[{"name":"wp","href":"https:\/\/api.w.org\/{rel}","templated":true}]}}