{"id":38189,"date":"2023-02-06T11:12:24","date_gmt":"2023-02-06T14:12:24","guid":{"rendered":"https:\/\/corrientesdetarde.com\/?p=38189"},"modified":"2023-02-06T11:12:26","modified_gmt":"2023-02-06T14:12:26","slug":"la-television-modifica-su-programacion-por-la-sentencia-del-crimen-de-fernando-baez-sosa","status":"publish","type":"post","link":"https:\/\/corrientesdetarde.com\/index.php\/espectaculos\/la-television-modifica-su-programacion-por-la-sentencia-del-crimen-de-fernando-baez-sosa\/","title":{"rendered":"<strong>La televisi\u00f3n modifica su programaci\u00f3n por la sentencia del crimen de Fernando B\u00e1ez Sosa<\/strong>"},"content":{"rendered":"\n<p>El veredicto del Tribunal Oral en lo Criminal N\u00b01 de Dolores se conocer\u00e1 este lunes, a las 13 horas. Los canales abiertos cambian sus grillas para seguir el juicio que conmueve a todo un pa\u00eds<\/p>\n\n\n\n<p>Este lunes, los canales de televisi\u00f3n abierta cambian su programaci\u00f3n para cubrir el veredicto del crimen de&nbsp;<strong>Fernando B\u00e1ez Sosa<\/strong>&nbsp;que dar\u00e1 el El Tribunal Oral en lo Criminal N\u00b01 de Dolores. Est\u00e1 estipulado que a las 13 horas los jueces&nbsp;<strong>Mar\u00eda Claudia Castro, Christian Rabaia y Emiliano L\u00e1zzari<\/strong>&nbsp;resuelvan la responsabilidad de los ocho imputados:&nbsp;<strong>M\u00e1ximo Thomsen<\/strong>,&nbsp;<strong>Enzo Comelli<\/strong>,&nbsp;<strong>Mat\u00edas Benicelli<\/strong>,&nbsp;<strong>Blas Cinalli<\/strong>,&nbsp;<strong>Ayrton Viollaz<\/strong>, y&nbsp;<strong>Luciano, Ciro y Lucas Pertossi.<\/strong><\/p>\n\n\n\n<p>El Ministerio P\u00fablico Fiscal y los abogados de los padres de la v\u00edctima,<strong>&nbsp;Graciela y Silvino<\/strong>, pidieron que a los acusados se los condene por \u201chomicidio doblemente agravado\u201d, que prev\u00e9 prisi\u00f3n perpetua. Por su parte, la defensa solicit\u00f3 la absoluci\u00f3n, sin embargo plante\u00f3 que, en el caso de no ser concedida, se tenga en cuenta el homicidio en ri\u00f1a o preterintencional u homicidio simple con dolo eventual.<\/p>\n\n\n\n<p>Debido a la gran expectativa que se gener\u00f3 alrededor de este caso,&nbsp;<strong>Telefe&nbsp;<\/strong>decidi\u00f3 levantar este lunes el ciclo<strong>&nbsp;<em>Ariel en su salsa&nbsp;<\/em><\/strong>y extender el programa<strong>&nbsp;<em>A la Barbarossa<\/em><\/strong>&nbsp;hasta las 11:45 horas. A su t\u00e9rmino, emitir\u00e1n<strong><em>&nbsp;Flash de Noticias<\/em><\/strong>, con la cobertura del tema hasta las 13. Luego, arrancar\u00e1<em>&nbsp;<strong>El Noticiero de la Gente.<\/strong><\/em><\/p>\n\n\n\n<p>En el caso de&nbsp;<strong>Am\u00e9rica<\/strong>&nbsp;la ma\u00f1ana empieza a las 6 con el cl\u00e1sico noticiero<strong><em>&nbsp;Buenos D\u00edas Am\u00e9rica&nbsp;<\/em><\/strong>de&nbsp;<strong>Antonio Laje<\/strong>&nbsp;y el magazine&nbsp;<strong><em>EPA!<\/em><\/strong>con&nbsp;<strong>Nicol\u00e1s Magaldi.<\/strong>&nbsp;A partir del mediod\u00eda, Laje regresa para cubrir el fallo de B\u00e1ez Sosa con un especial de<em>&nbsp;<strong>BDA<\/strong><\/em>hasta las 16. Se levanta&nbsp;<strong><em>Intrusos<\/em><\/strong>, y&nbsp;<strong><em>A la tarde<\/em><\/strong>&nbsp;ir\u00e1 en su horario habitual con la conducci\u00f3n de&nbsp;<strong>Karina Mazzocco<\/strong>, pero siguiendo todo lo que ocurra en Dolores. A continuaci\u00f3n, seguir\u00e1&nbsp;<strong><em>Am\u00e9rica Noticias<\/em><\/strong>&nbsp;y la programaci\u00f3n habitual.<\/p>\n\n\n\n<p>El Trece arranca la ma\u00f1ana con el noticiero<strong><em>&nbsp;Arriba Argentinos<\/em><\/strong>a las 7, seguido por&nbsp;<strong><em>Nosotros a la ma\u00f1ana<\/em><\/strong>a las 9:15y&nbsp;<strong><em>Socios del Espect\u00e1culo&nbsp;<\/em><\/strong>a partir de las 10:15. Pero&nbsp;<strong><em>El Zorro<\/em><\/strong>, cuyos cap\u00edtulos van al mediod\u00eda, se levantar\u00e1 de la grilla y en su lugar se emitir\u00e1<strong>&nbsp;<em>Teleflash Trece<\/em><\/strong>. A las 13 sigue el noticiero&nbsp;<strong><em>Mediod\u00eda Noticias&nbsp;<\/em><\/strong><em>y&nbsp;<\/em>contin\u00faa la programaci\u00f3n habitual. Pero el noticiero se puede extender -quit\u00e1ndole espacio al programa de entretenimientos de&nbsp;<strong>Alex Caniggia<\/strong>&#8211; ya que le dar\u00e1n prioridad a la cobertura del caso.<\/p>\n\n\n\n<p><strong>El Nueve<\/strong>&nbsp;no modifica su programaci\u00f3n del lunes, pero toda la agenda estar\u00e1 centralizada en el veredicto del juicio que ha tenido momentos muy emotivos como cuando la madre de la v\u00edctima pidi\u00f3 la palabra en la jornada de alegatos el pasado 26 de enero. \u201cMe cost\u00f3 much\u00edsimo estar en este lugar, venir a este pueblo en Dolores. Nunca me atrev\u00ed a mirar los videos y ac\u00e1 los tuve que ver reiteradas veces, miles de veces. Me cost\u00f3 horrores ver la forma en la que asesinaron a mi hijo\u201d, se\u00f1al\u00f3 Graciela.<\/p>\n\n\n\n<p>\u201cNunca pens\u00e9 que estar\u00eda en este lugar. Siempre pens\u00e9 que alg\u00fan d\u00eda mi hijo se recibir\u00eda y que estar\u00eda viendo c\u00f3mo \u00e9l defend\u00eda a la gente, pero nunca pens\u00e9 estar presenciando su asesinato\u201d, afirm\u00f3 al recordar a Fernando, que era estudiante de Derecho. \u201cYo dar\u00eda la vida por mi hijo, un chico bueno, decente, que nunca crey\u00f3 en la maldad. Antes de irse yo le dec\u00eda: \u2018Cuidate mucho&nbsp;<em>Fer<\/em>, cuando hay pelea trat\u00e1 de huir, trat\u00e1 de buscar a alguien para que te ayude\u2019, y \u00e9l siempre me dec\u00eda: \u2018Yo no creo en la maldad\u2019\u201d, agreg\u00f3 la esposa de Silvino B\u00e1ez. Para terminar, volvi\u00f3 a pedir justicia por Fernando: \u201cQuiero que paguen lo que le hicieron, no le tuvieron piedad para nada. Solo deseo justicia\u201d.<\/p>\n","protected":false},"excerpt":{"rendered":"<p>El veredicto del Tribunal Oral en lo Criminal N\u00b01 de Dolores se conocer\u00e1 este lunes, a las 13 horas. Los canales abiertos cambian sus grillas para seguir el juicio que&hellip; <\/p>\n","protected":false},"author":7,"featured_media":38190,"comment_status":"closed","ping_status":"open","sticky":false,"template":"","format":"standard","meta":{"footnotes":""},"categories":[19],"tags":[],"class_list":["post-38189","post","type-post","status-publish","format-standard","has-post-thumbnail","hentry","category-espectaculos"],"_links":{"self":[{"href":"https:\/\/corrientesdetarde.com\/index.php\/wp-json\/wp\/v2\/posts\/38189","targetHints":{"allow":["GET"]}}],"collection":[{"href":"https:\/\/corrientesdetarde.com\/index.php\/wp-json\/wp\/v2\/posts"}],"about":[{"href":"https:\/\/corrientesdetarde.com\/index.php\/wp-json\/wp\/v2\/types\/post"}],"author":[{"embeddable":true,"href":"https:\/\/corrientesdetarde.com\/index.php\/wp-json\/wp\/v2\/users\/7"}],"replies":[{"embeddable":true,"href":"https:\/\/corrientesdetarde.com\/index.php\/wp-json\/wp\/v2\/comments?post=38189"}],"version-history":[{"count":1,"href":"https:\/\/corrientesdetarde.com\/index.php\/wp-json\/wp\/v2\/posts\/38189\/revisions"}],"predecessor-version":[{"id":38191,"href":"https:\/\/corrientesdetarde.com\/index.php\/wp-json\/wp\/v2\/posts\/38189\/revisions\/38191"}],"wp:featuredmedia":[{"embeddable":true,"href":"https:\/\/corrientesdetarde.com\/index.php\/wp-json\/wp\/v2\/media\/38190"}],"wp:attachment":[{"href":"https:\/\/corrientesdetarde.com\/index.php\/wp-json\/wp\/v2\/media?parent=38189"}],"wp:term":[{"taxonomy":"category","embeddable":true,"href":"https:\/\/corrientesdetarde.com\/index.php\/wp-json\/wp\/v2\/categories?post=38189"},{"taxonomy":"post_tag","embeddable":true,"href":"https:\/\/corrientesdetarde.com\/index.php\/wp-json\/wp\/v2\/tags?post=38189"}],"curies":[{"name":"wp","href":"https:\/\/api.w.org\/{rel}","templated":true}]}}