{"id":38192,"date":"2023-02-06T11:17:44","date_gmt":"2023-02-06T14:17:44","guid":{"rendered":"https:\/\/corrientesdetarde.com\/?p=38192"},"modified":"2023-02-06T11:17:47","modified_gmt":"2023-02-06T14:17:47","slug":"premios-grammy-2023-los-looks-de-la-alfombra-roja-de-la-gala-de-la-musica","status":"publish","type":"post","link":"https:\/\/corrientesdetarde.com\/index.php\/espectaculos\/premios-grammy-2023-los-looks-de-la-alfombra-roja-de-la-gala-de-la-musica\/","title":{"rendered":"<strong>Premios Grammy 2023: los looks de la alfombra roja de la gala de la m\u00fasica<\/strong>"},"content":{"rendered":"\n<p>La 65\u00b0 edici\u00f3n de la entrega convoca a las figuras m\u00e1s destacadas del mundo discogr\u00e1fico en el Arena Crypto de Los \u00c1ngeles. El estilo de los famosos, bajo la lupa de los dise\u00f1adores Benito Fern\u00e1ndez, Maureene Dinar, Patricia Profumo<\/p>\n\n\n\n<p>Desde la Arena Crypto de Los \u00c1ngeles, Estados Unidos, la&nbsp;<strong>alfombra roja&nbsp;<\/strong>de los&nbsp;<strong>Premios Grammy 2023&nbsp;<\/strong>comenz\u00f3 a mostrar todo su brillo con las apariciones de las celebridades m\u00e1s destacadas del mundo discogr\u00e1fico. La&nbsp;<strong>65\u00ba edici\u00f3n&nbsp;<\/strong>de estos galardones tendr\u00e1 como anfitri\u00f3n al comediante sudafricano Trevor Noah, recordado por su participaci\u00f3n en la s\u00e1tira televisiva The Daily Show.<\/p>\n\n\n\n<p>La fiesta de la industria discogr\u00e1fica de Estados Unidos recibir\u00e1 a famosos latinoamericanos como Bad Bunny, Sebasti\u00e1n Yatra, Fito P\u00e1ez y Camila Cabello. A su vez, algunos reconocidos artistas de la escena internacional ser\u00e1n Adele, Lizzo, Harry Styles y Taylor Swift, entre otros.<\/p>\n\n\n\n<p>Dinar se refiri\u00f3 a la elecci\u00f3n de&nbsp;<strong>Harry Style<\/strong>s y detall\u00f3: \u201cEs un enterito o maca bien suelto como jardinero jardinero arlequ\u00edn en una tela brillosa tipo lame Lurex del dise\u00f1ador Harry lambert. El escote es musculoso bien escotado y lo usa sin nada de bajo\u201d.<\/p>\n\n\n\n<p>Sobre el look impactante de la cantante&nbsp;<strong>Lizzo<\/strong>, el dise\u00f1ador<strong>&nbsp;Benito Fern\u00e1ndez&nbsp;<\/strong>se\u00f1al\u00f3 a Infobae: \u201cMe gusta, me encanta el color. Parece el color de moda, me parece s\u00faper teatral. Me gusta mucho, tiene mucha fuerza y eso se nota es como que si nada estuviese representando una una reina, me encanta. Me parece genial las texturas que eligi\u00f3\u201d.<\/p>\n\n\n\n<p>Sobre el look de&nbsp;<strong>Sebasti\u00e1n Yatra<\/strong>, Maureen Dinar consider\u00f3: \u201cUn saco como esmoquin sin ser muy formal y sin camisa. Como que lo adaptan a un look m\u00e1s desenfadado por la m\u00fasica y por el evento\u201d.<\/p>\n\n\n\n<p>Profumo, por su parte, dijo: \u201cEspectacular Sebasti\u00e1n con un traje de dise\u00f1o en raso y crep, con aplicaciones de pedrer\u00eda en azabache. Me hubiera gustado un poco m\u00e1s angosto el pantal\u00f3n, lo hubiera estilizado m\u00e1s. Total Look, 8 puntos. La tendencia en bordado en los trajes de hombre para una gala va en auge, es excelente\u201d.<\/p>\n\n\n\n<p><strong>Taylor Swift&nbsp;<\/strong>opt\u00f3 por un azul petr\u00f3leo, sobre su elecci\u00f3n, Benito&nbsp;<strong>Fern\u00e1ndez&nbsp;<\/strong>dijo: \u201cMe encanta el vestido, que que tenga manga larga me parece s\u00faper elegante, tambi\u00e9n gran elecci\u00f3n el color y el bordado. El make up, el cabello y los aros, la verdad que es para m\u00ed una de las mejores vestidas\u201d.<\/p>\n\n\n\n<p>El cantante Bad Bunny se present\u00f3 en los Grammys y fue una de las estrellas de la noche. Profumo describi\u00f3: \u201cUn outfit completamente casual y ma\u00f1anero. Informal pero b\u00e1sico y casi desprestigiando a la red carpet internacional y a su importante g\u00e9nero musical. Creo que demuestra desinter\u00e9s total por los c\u00f3digos de vestuario ante una gala y desprestigio a la misma. Ocuparse en vestirse para la ocasi\u00f3n no cuesta mucho. Puntaje: 0\u2033.<\/p>\n\n\n\n<p>En cuanto al look de&nbsp;<strong>Brandi Carlile, Dinar&nbsp;<\/strong>afirm\u00f3: \u201cEsto es un equipo un poco de los a\u00f1os 60 de la \u00e9poca de los Beatles en los 60 con el Look del saco 7\/8 en Sat\u00e9n camisa fucsia muy onda Valentino con su colecci\u00f3n 2023\u2033.<\/p>\n\n\n\n<p>Profumo sum\u00f3: \u201cCorrecta, con un look masculino en raso y con la misma tendencia en apliques y bordado en azabache para el ambo del traje, la blusa en seda raseada corta con el total black d\u00e1ndole el toque femenino. La levita entallada la distingue en la red carpet\u201d.<\/p>\n\n\n\n<p>En cuanto a la presentaci\u00f3n de la actriz y cantante&nbsp;<strong>Daryl Hannah, Dinar<\/strong>&nbsp;opin\u00f3: \u201cEst\u00e1 vestida con un equipo de saco negro, con medias labradas y borcegos bajos. Mucha onda roquera y joven\u201d.<\/p>\n\n\n\n<p>Sam Smith luci\u00f3 un atuendo de alta costura con una mega capa y amplias mangas al mejor estilo outfit. Por su parte, Kim Petras, primera mujer transg\u00e9nero en conseguir un Grammy, estuvo a tono con Smith en color y en elegancia con un vestido corto ideal para la ocasi\u00f3n.<\/p>\n\n\n\n<p>\u201cS\u00faper exc\u00e9ntrica. Con un traje en blanco y negro y un llamativo sombrero en compos\u00e9, est\u00e1 vestida para la ocasi\u00f3n lejos de la elegancia y el glamour, optando por un outfit llamativo acorde a esta gala. Si se quiere, con un pelo rojo fuego que aumenta la imagen en su exposici\u00f3n fashionista: total look\u201d, opin\u00f3&nbsp;<strong>Profumo&nbsp;<\/strong>sobre el look de&nbsp;<strong>Shania Twain<\/strong>.<\/p>\n\n\n\n<p>Sobre&nbsp;<strong>Sheryl Crow<\/strong>&nbsp;y su look, Fern\u00e1ndez dijo: &#8221; Me gusta, me parece lindo el trabajo que tiene el corset el strapless. Como encima de pliegues. Lo no me gusta tanto es el pelo y el maquillaje, pero el vestido me parece que est\u00e1 bien, est\u00e1 correcto\u201d.<\/p>\n\n\n\n<p>\u201c\u00a1Fito siempre Fito! Divino con un traje Borgo\u00f1a y una camisa con colores en azul y verde lima bien contrastante y acorde con la red carpet, su pareja si bien est\u00e1 m\u00e1s formal, esta m\u00e1s sobria que \u00e9l siendo que ambos optaron x calzado deportivo blanco; 6 puntos para ambos\u201d, precis\u00f3&nbsp;<strong>Profumo<\/strong>.<\/p>\n\n\n\n<p>\u201cMuy distinguida y con amplio volado en escote pronunciado con un vestido en color borgo\u00f1a, para este invierno del hemisferio norte. Excelente el g\u00e9nero y muy acorde su peinado y make up. Siempre un 10\u2033, dijo Profumo sobre el look de la cantante Adele.<\/p>\n","protected":false},"excerpt":{"rendered":"<p>La 65\u00b0 edici\u00f3n de la entrega convoca a las figuras m\u00e1s destacadas del mundo discogr\u00e1fico en el Arena Crypto de Los \u00c1ngeles. El estilo de los famosos, bajo la lupa&hellip; <\/p>\n","protected":false},"author":7,"featured_media":38193,"comment_status":"closed","ping_status":"open","sticky":false,"template":"","format":"standard","meta":{"footnotes":""},"categories":[19],"tags":[],"class_list":["post-38192","post","type-post","status-publish","format-standard","has-post-thumbnail","hentry","category-espectaculos"],"_links":{"self":[{"href":"https:\/\/corrientesdetarde.com\/index.php\/wp-json\/wp\/v2\/posts\/38192","targetHints":{"allow":["GET"]}}],"collection":[{"href":"https:\/\/corrientesdetarde.com\/index.php\/wp-json\/wp\/v2\/posts"}],"about":[{"href":"https:\/\/corrientesdetarde.com\/index.php\/wp-json\/wp\/v2\/types\/post"}],"author":[{"embeddable":true,"href":"https:\/\/corrientesdetarde.com\/index.php\/wp-json\/wp\/v2\/users\/7"}],"replies":[{"embeddable":true,"href":"https:\/\/corrientesdetarde.com\/index.php\/wp-json\/wp\/v2\/comments?post=38192"}],"version-history":[{"count":1,"href":"https:\/\/corrientesdetarde.com\/index.php\/wp-json\/wp\/v2\/posts\/38192\/revisions"}],"predecessor-version":[{"id":38195,"href":"https:\/\/corrientesdetarde.com\/index.php\/wp-json\/wp\/v2\/posts\/38192\/revisions\/38195"}],"wp:featuredmedia":[{"embeddable":true,"href":"https:\/\/corrientesdetarde.com\/index.php\/wp-json\/wp\/v2\/media\/38193"}],"wp:attachment":[{"href":"https:\/\/corrientesdetarde.com\/index.php\/wp-json\/wp\/v2\/media?parent=38192"}],"wp:term":[{"taxonomy":"category","embeddable":true,"href":"https:\/\/corrientesdetarde.com\/index.php\/wp-json\/wp\/v2\/categories?post=38192"},{"taxonomy":"post_tag","embeddable":true,"href":"https:\/\/corrientesdetarde.com\/index.php\/wp-json\/wp\/v2\/tags?post=38192"}],"curies":[{"name":"wp","href":"https:\/\/api.w.org\/{rel}","templated":true}]}}