{"id":38196,"date":"2023-02-06T11:24:29","date_gmt":"2023-02-06T14:24:29","guid":{"rendered":"https:\/\/corrientesdetarde.com\/?p=38196"},"modified":"2023-02-06T11:24:34","modified_gmt":"2023-02-06T14:24:34","slug":"el-chato-prada-le-propuso-casamiento-a-lourdes-sanchez-en-los-carnavales-de-corrientes-el-emotivo-video","status":"publish","type":"post","link":"https:\/\/corrientesdetarde.com\/index.php\/espectaculos\/el-chato-prada-le-propuso-casamiento-a-lourdes-sanchez-en-los-carnavales-de-corrientes-el-emotivo-video\/","title":{"rendered":"<strong>El Chato Prada le propuso casamiento a Lourdes S\u00e1nchez en los carnavales de Corrientes: el emotivo video<\/strong>"},"content":{"rendered":"\n<p>El productor y la conductora se comprometieron ante una multitud que celebr\u00f3 la novedad como propia. Hace 12 a\u00f1os que est\u00e1n juntos y son padres de Valent\u00edn, de 6<\/p>\n\n\n\n<p>Y esta vez parece ser la vencida. Luego de un tiempo de amagues, rumores y retrocesos, los caminos de&nbsp;<strong>Pablo El Chato Prada<\/strong>&nbsp;y&nbsp;<strong>Lourdes S\u00e1nchez<\/strong>&nbsp;conducen definitivamente al altar. El productor y la conductora se conocieron en una temporada en Carlos Paz, se enamoraron en la \u00f3rbita de<strong><em>&nbsp;ShowMatch<\/em><\/strong>, hace seis a\u00f1os fueron padres de&nbsp;<strong>Valent\u00edn<\/strong>&nbsp;y ahora resolvieron reafianzar su amor con la noticia tan esperada.<\/p>\n\n\n\n<p>La rom\u00e1ntica propuesta ocurri\u00f3 durante la cuarta noche de los carnavales de Corrientes, provincia de la que ella es oriunda y donde desfil\u00f3 al frente de la comparsa&nbsp;<strong>Ara Ber\u00e1.<\/strong>&nbsp;Al finalizar la pasada, el hist\u00f3rico productor de&nbsp;<strong>Marcelo Tinelli<\/strong>&nbsp;se acerc\u00f3 con su hijo y con un inmenso ramo de flores, tom\u00f3 el micr\u00f3fono y se dirigi\u00f3 a Lourdes con el cors\u00f3dromo Nolo Al\u00edas como testigo.<\/p>\n\n\n\n<p>\u201cEst\u00e1n tu mam\u00e1, tu pap\u00e1, tu hermano. Valent\u00edn. Espero que salga bien. Ac\u00e1 tengo un anillo. Te quiero decir que te amo. Y te quiero preguntar si te quer\u00e9s casar conmigo\u201d, expres\u00f3 Prada. La bailarina dio unos pasos hacia atr\u00e1s entre la sorpresa y la emoci\u00f3n, mientras una ovaci\u00f3n ca\u00eda de las tribunas de la emoci\u00f3n. Despu\u00e9s de un beso, el productor se arrodill\u00f3 para cumplir las formalidades del caso. \u201cEn el medio del carnaval es muy emocionante\u201d, agreg\u00f3, ahora bajo una lluvia de papelitos, mientras la voz del locutor le daba m\u00e1s \u00e9pica al momento.<\/p>\n\n\n\n<p>La bailarina manifest\u00f3 su alegr\u00eda en su cuenta de Instagram, con un posteo del video y unas palabras para intentar describir las sensaciones que le corr\u00edan por el cuerpo. \u201cY despu\u00e9s de 12 a\u00f1os llego el d\u00eda en el mejor escenario que pudo ser. Nos casamos. Te amo&nbsp;<a href=\"https:\/\/www.instagram.com\/elchatoprada\/\">@elchatoprada<\/a>&nbsp;no puedo creerlo. Una noche inolvidable\u201d, se\u00f1al\u00f3 Lourdes entre corazones, para alegr\u00eda de sus m\u00e1s de tres millones de seguidores que reaccionaron con inmensa felicidad, como&nbsp;<strong>Cinthia Fern\u00e1ndez, Momi Giardina, Julieta Cama\u00f1o<\/strong>&nbsp;entre otras famosas que se desayunaron el domingo con la noticia.<\/p>\n\n\n\n<p>D\u00edas atr\u00e1s, Lourdes hab\u00eda compartido un video de su preparaci\u00f3n y del desfile con Ara Ber\u00e1, en el que recibi\u00f3 la admiraci\u00f3n de su futuro marido. \u201cMuy pero muy orgulloso de vos mi amor. Llevas en la sangre el Carnaval de Corrientes. Te re contra felicito porque siempre estas conectada con tus or\u00edgenes. Te amo\u201d, escribi\u00f3 el productor al pie, remarcando el v\u00ednculo con la provincia mesopot\u00e1mica del que \u00e9l tambi\u00e9n es parte. All\u00ed est\u00e1n construyendo una casa y seg\u00fan declar\u00f3 ella en m\u00e1s de una oportunidad, no descartan instalarse en un futuro.<\/p>\n\n\n\n<p>El rumor de la boda de Prada y S\u00e1nchez viene dando vueltas hace tiempo, pero no hab\u00eda coincidencias entre los tiempos. El a\u00f1o pasado, la conductora de&nbsp;<em>Comer para creer&nbsp;<\/em>se hab\u00eda referido al tema con humor. \u201cNo estoy casada, este anillo me lo compr\u00e9 yo, parece de compromiso pero no es; y s\u00ed es cierto que estamos hace 12, casi 13 a\u00f1os ya\u201d, cont\u00f3, adem\u00e1s de mencionar que est\u00e1n unidos para siempre desde el nacimiento de su hijo Valent\u00edn. \u201c\u00c9l me propuso matrimonio este a\u00f1o y yo le dije que no\u201d, rememor\u00f3, y explic\u00f3 el motivo: \u201cDespu\u00e9s de que yo me arrastrara durante a\u00f1os insistiendo, cas\u00e9monos, ahora ya no, porque yo cuido mucho la econom\u00eda de la casa y es muy caro casarse hoy\u201d. Al parecer, ahora cerraron los n\u00fameros y todo va camino al s\u00ed.<\/p>\n\n\n\n<p>En una entrevista con Catalina Dlugi, ella hab\u00eda contado como empez\u00f3 su relaci\u00f3n con el hist\u00f3rico productor de Marcelo Tinelli. \u201c<strong>Denise (Dumas)&nbsp;<\/strong>fue mi celestina, yo estaba haciendo temporada con<strong>&nbsp;Gerardo Sofovich<\/strong>&nbsp;en<strong>&nbsp;Carlos Paz&nbsp;<\/strong>y ella y&nbsp;<strong>Campi<\/strong>&nbsp;me ven\u00edan a buscar para ir a su casa y ah\u00ed nos ve\u00edamos con Pablo a escondidas\u201d, relat\u00f3 por entonces. Y agreg\u00f3, muy enamorada, unas palabras que refrenda d\u00eda a d\u00eda: \u201cNo me imagino la vida con otro hombre, \u00e9l es todo y lo volver\u00eda a elegir una y mil veces\u201d.<\/p>\n","protected":false},"excerpt":{"rendered":"<p>El productor y la conductora se comprometieron ante una multitud que celebr\u00f3 la novedad como propia. Hace 12 a\u00f1os que est\u00e1n juntos y son padres de Valent\u00edn, de 6 Y&hellip; <\/p>\n","protected":false},"author":7,"featured_media":38197,"comment_status":"closed","ping_status":"open","sticky":false,"template":"","format":"standard","meta":{"footnotes":""},"categories":[19],"tags":[],"class_list":["post-38196","post","type-post","status-publish","format-standard","has-post-thumbnail","hentry","category-espectaculos"],"_links":{"self":[{"href":"https:\/\/corrientesdetarde.com\/index.php\/wp-json\/wp\/v2\/posts\/38196","targetHints":{"allow":["GET"]}}],"collection":[{"href":"https:\/\/corrientesdetarde.com\/index.php\/wp-json\/wp\/v2\/posts"}],"about":[{"href":"https:\/\/corrientesdetarde.com\/index.php\/wp-json\/wp\/v2\/types\/post"}],"author":[{"embeddable":true,"href":"https:\/\/corrientesdetarde.com\/index.php\/wp-json\/wp\/v2\/users\/7"}],"replies":[{"embeddable":true,"href":"https:\/\/corrientesdetarde.com\/index.php\/wp-json\/wp\/v2\/comments?post=38196"}],"version-history":[{"count":1,"href":"https:\/\/corrientesdetarde.com\/index.php\/wp-json\/wp\/v2\/posts\/38196\/revisions"}],"predecessor-version":[{"id":38199,"href":"https:\/\/corrientesdetarde.com\/index.php\/wp-json\/wp\/v2\/posts\/38196\/revisions\/38199"}],"wp:featuredmedia":[{"embeddable":true,"href":"https:\/\/corrientesdetarde.com\/index.php\/wp-json\/wp\/v2\/media\/38197"}],"wp:attachment":[{"href":"https:\/\/corrientesdetarde.com\/index.php\/wp-json\/wp\/v2\/media?parent=38196"}],"wp:term":[{"taxonomy":"category","embeddable":true,"href":"https:\/\/corrientesdetarde.com\/index.php\/wp-json\/wp\/v2\/categories?post=38196"},{"taxonomy":"post_tag","embeddable":true,"href":"https:\/\/corrientesdetarde.com\/index.php\/wp-json\/wp\/v2\/tags?post=38196"}],"curies":[{"name":"wp","href":"https:\/\/api.w.org\/{rel}","templated":true}]}}