{"id":38198,"date":"2023-02-06T12:10:00","date_gmt":"2023-02-06T15:10:00","guid":{"rendered":"https:\/\/corrientesdetarde.com\/?p=38198"},"modified":"2023-02-06T12:10:04","modified_gmt":"2023-02-06T15:10:04","slug":"afirman-que-en-el-portal-carambola-no-hay-como-frenar-el-incendio","status":"publish","type":"post","link":"https:\/\/corrientesdetarde.com\/index.php\/locales\/afirman-que-en-el-portal-carambola-no-hay-como-frenar-el-incendio\/","title":{"rendered":"Afirman que en el portal Carambola no hay c\u00f3mo frenar el incendio"},"content":{"rendered":"\n<p>El fuego fue intencional y lograron identificar a uno de los responsables. Brigadistas, guardaparques y trabajadores de la fundaci\u00f3n Rewilding combaten las llamas y tratan de evitar el avance del foco \u00edgneo en Concepci\u00f3n.<\/p>\n\n\n\n<p>Al cierre de esta edici\u00f3n se conoci\u00f3 que en Concepci\u00f3n el fuego pas\u00f3 el arroyo Carambola hacia el camping y se acercaba al puerto Juli Cu\u00e9. Brigadistas, guardaparques y trabajadores de la fundaci\u00f3n Rewilding se ocupaban incansablemente de apagar las llamas. El fuego cruz\u00f3 por el potrero Carambolita, all\u00ed luchaban contra las llamas para evitar que avance sobre la zona edificada y llegaron refuerzos de otros lugares para contener el incendio.<\/p>\n\n\n\n<p>&#8220;El fuego est\u00e1 avanzando lento, pero est\u00e1 avanzando&#8221;, expres\u00f3 a diarioepoca.com Juan Augusto Pirchi, conservacionista y fot\u00f3grafo de naturaleza que retrat\u00f3 im\u00e1genes crudas de los incendios que azotan una vez m\u00e1s a los Esteros del Iber\u00e1. Hace m\u00e1s de 50 d\u00edas las llamas se extienden nuevamente por la zona, fuentes cercanas aseguran que fue provocado y que ya se identific\u00f3 a la persona responsable.<\/p>\n\n\n\n<p>Ayer domingo, el Comando Operativo de Emergencias (COE) de Corrientes inform\u00f3 que se registraron 14 focos activos en la provincia, uno de ellos es justamente el de Concepci\u00f3n. La zona arde hace m\u00e1s de 50 d\u00edas por incendios intencionales. En las \u00faltimas jornadas todo el esfuerzo se concentr\u00f3 en contener las llamas que se encuentran en el Portal Carambola, cercanas al arroyo. Detr\u00e1s de esa zona se encuentra el refugio de Rewilding Argentina. &#8220;Es muy probable que llegue al puerto, a Juli Cu\u00e9. Si bien est\u00e1n todas las medidas tomadas, no hay c\u00f3mo frenar eso&#8221;, expres\u00f3 el conservacionista.Previous<\/p>\n\n\n\n<figure class=\"wp-block-image\"><img decoding=\"async\" src=\"https:\/\/www.diarioepoca.com\/content\/bucket\/0\/1279530h720.jpg.webp\" alt=\"photo1675629718 (9).jpeg\"\/><\/figure>\n\n\n\n<figure class=\"wp-block-image\"><img decoding=\"async\" src=\"https:\/\/www.diarioepoca.com\/content\/bucket\/3\/1279533h720.jpg.webp\" alt=\"photo1675629720.jpeg\"\/><\/figure>\n\n\n\n<figure class=\"wp-block-image\"><img decoding=\"async\" src=\"https:\/\/www.diarioepoca.com\/content\/bucket\/2\/1279532h720.jpg.webp\" alt=\"photo1675629720 (1).jpeg\"\/><\/figure>\n\n\n\n<p>Trabajan incansablemente en el lugar brigadistas de Parques Nacionales, la fundaci\u00f3n Rewilding y los guardaparques de la Direcci\u00f3n de Parques y Reservas de Corrientes. &#8220;Estaban esperando que llegue el fuego, buscaban que no pase el arroyo Carambola para que no ingrese a la zona edificada del camping, puerto Juli Cu\u00e9&#8221;, detall\u00f3. Sobre el origen de las llamas, Pirchi coment\u00f3 que &#8220;viene desde el paraje \u00d1u Py y avanza hasta llegar a cercan\u00edas del puerto Juli Cu\u00e9&#8221;.<\/p>\n\n\n\n<p>Fuentes cercanas confirmaron que se identific\u00f3 a la persona que inici\u00f3 el fuego y fue denunciada ante la Fiscal\u00eda a cargo. El director del Parque Provincial present\u00f3 la denuncia y ya est\u00e1 en manos de la Justicia, pero todav\u00eda no se conoci\u00f3 una resoluci\u00f3n.<\/p>\n\n\n\n<p><a href=\"https:\/\/www.instagram.com\/reel\/CoUo9uKueFW\/?utm_source=ig_embed&amp;utm_campaign=loading\" target=\"_blank\" rel=\"noreferrer noopener\"><\/a><a href=\"https:\/\/www.instagram.com\/reel\/CoUo9uKueFW\/?utm_source=ig_embed&amp;utm_campaign=loading\" target=\"_blank\" rel=\"noreferrer noopener\"><\/a><\/p>\n\n\n\n<h2 class=\"wp-block-heading\">Hacerle frente al fuego<\/h2>\n\n\n\n<p>Consultado por el trabajo que realizan los brigadistas, guardaparques e integrantes de Rewilding Argentina, Pirchi explic\u00f3 que el panorama es muy diferente al del a\u00f1o pasado. &#8220;Est\u00e1n trabajando conteniendo las llamas, est\u00e1n much\u00edsimo m\u00e1s preparados que el a\u00f1o pasado y se nota que hay capacitaci\u00f3n, pero no hay capacidad para frenar este tipo de incendios&#8221;, asegur\u00f3.<\/p>\n\n\n\n<p>&#8220;El fuego sigue, pero despu\u00e9s vuelve y se reinicia con intensidades m\u00e1s grandes. Es el fuego que avanza m\u00e1s fuerte, no se puede frenar, pero se puede contener&#8221;, coment\u00f3 el conservacionista sobre el trabajo en el lugar. Tambi\u00e9n precis\u00f3 que los esfuerzos estaban puestos en que &#8220;el fuego no cruce el arroyo Carambola, que est\u00e1 muy seco, para que no ingrese a la parte edilicia donde est\u00e1 el camping, la parte hotelera, donde se encuentra el Parque Provincial&#8221;.<\/p>\n\n\n\n<p>El fot\u00f3grafo de naturaleza tambi\u00e9n habl\u00f3 sobre el factor clim\u00e1tico que, combinado con la irresponsabilidad, provocaron los incendios. &#8220;Hace 50 d\u00edas que est\u00e1 viniendo este fuego, si no cae agua y no cede el calor, la probabilidad indica que llegar\u00e1 al puerto que no tiene agua&#8221;, sostuvo. A\u00f1adi\u00f3 que &#8220;las chispas de dos metros llegan de una costa a la otra, ah\u00ed se enciende todo, lo que se repar\u00f3 el a\u00f1o pasado, lo que se construy\u00f3, el refugio de Rewilding&#8221;.<\/p>\n\n\n\n<p>Tambi\u00e9n habl\u00f3 sobre las fotos que se compartieron la semana pasada de Alejandra Boloqui, en las que se ve a yacar\u00e9s y carpinchos amontonados en un espejo de agua. &#8220;La fauna est\u00e1 pegada al arroyo porque no hay agua. La fauna es muy inteligente, se recuperan y los animales se rebuscan. El tema es que no hay agua&#8221;, sentenci\u00f3.<\/p>\n\n\n\n<p>Juan Augusto Pirchi es fot\u00f3grafo de naturaleza hace m\u00e1s de diez a\u00f1os y colabora de manera activa con acciones para preservar la fauna y flora del Iber\u00e1. &#8220;Nadie cuida lo que no conoce&#8221;, sostiene y explica que a trav\u00e9s de peque\u00f1as acciones de cuidado y, fundamentalmente, a trav\u00e9s del conocimiento del ecosistema, las personas se involucran.<\/p>\n\n\n\n<figure class=\"wp-block-image\"><img decoding=\"async\" src=\"https:\/\/www.diarioepoca.com\/content\/bucket\/2\/1279522w762h508c.jpg.webp\" alt=\"\"\/><\/figure>\n","protected":false},"excerpt":{"rendered":"<p>El fuego fue intencional y lograron identificar a uno de los responsables. Brigadistas, guardaparques y trabajadores de la fundaci\u00f3n Rewilding combaten las llamas y tratan de evitar el avance del&hellip; <\/p>\n","protected":false},"author":4,"featured_media":38230,"comment_status":"closed","ping_status":"open","sticky":false,"template":"","format":"standard","meta":{"footnotes":""},"categories":[8],"tags":[],"class_list":["post-38198","post","type-post","status-publish","format-standard","has-post-thumbnail","hentry","category-locales"],"_links":{"self":[{"href":"https:\/\/corrientesdetarde.com\/index.php\/wp-json\/wp\/v2\/posts\/38198","targetHints":{"allow":["GET"]}}],"collection":[{"href":"https:\/\/corrientesdetarde.com\/index.php\/wp-json\/wp\/v2\/posts"}],"about":[{"href":"https:\/\/corrientesdetarde.com\/index.php\/wp-json\/wp\/v2\/types\/post"}],"author":[{"embeddable":true,"href":"https:\/\/corrientesdetarde.com\/index.php\/wp-json\/wp\/v2\/users\/4"}],"replies":[{"embeddable":true,"href":"https:\/\/corrientesdetarde.com\/index.php\/wp-json\/wp\/v2\/comments?post=38198"}],"version-history":[{"count":1,"href":"https:\/\/corrientesdetarde.com\/index.php\/wp-json\/wp\/v2\/posts\/38198\/revisions"}],"predecessor-version":[{"id":38231,"href":"https:\/\/corrientesdetarde.com\/index.php\/wp-json\/wp\/v2\/posts\/38198\/revisions\/38231"}],"wp:featuredmedia":[{"embeddable":true,"href":"https:\/\/corrientesdetarde.com\/index.php\/wp-json\/wp\/v2\/media\/38230"}],"wp:attachment":[{"href":"https:\/\/corrientesdetarde.com\/index.php\/wp-json\/wp\/v2\/media?parent=38198"}],"wp:term":[{"taxonomy":"category","embeddable":true,"href":"https:\/\/corrientesdetarde.com\/index.php\/wp-json\/wp\/v2\/categories?post=38198"},{"taxonomy":"post_tag","embeddable":true,"href":"https:\/\/corrientesdetarde.com\/index.php\/wp-json\/wp\/v2\/tags?post=38198"}],"curies":[{"name":"wp","href":"https:\/\/api.w.org\/{rel}","templated":true}]}}