{"id":38233,"date":"2023-02-06T12:36:11","date_gmt":"2023-02-06T15:36:11","guid":{"rendered":"https:\/\/corrientesdetarde.com\/?p=38233"},"modified":"2023-02-06T12:36:14","modified_gmt":"2023-02-06T15:36:14","slug":"corrientes-secuestraron-mas-de-30-vehiculos-por-alcoholemia-positiva","status":"publish","type":"post","link":"https:\/\/corrientesdetarde.com\/index.php\/informacion-general\/corrientes-secuestraron-mas-de-30-vehiculos-por-alcoholemia-positiva\/","title":{"rendered":"Corrientes: secuestraron m\u00e1s de 30 veh\u00edculos por alcoholemia positiva"},"content":{"rendered":"\n<p>El subsecretario de tr\u00e1nsito y seguidad vial de la Municipalidad de Corrientes, Juan Acinas,\u00a0 habl\u00f3 sobre los operativos de control llevados a cabo en la Capital.\u00a0<\/p>\n\n\n\n<p>El subsecretario de tr\u00e1nsito y seguidad vial de la Municipalidad de Corrientes, Juan Acinas, habl\u00f3 con Radio Dos sobre los operativos de control de alcoholemia llevados a cabo en la Capital durante el fin de semana. Los agentes de tr\u00e1nsito secuestraron 32 autos por alcoholemia y 10 motocicletas.<\/p>\n\n\n\n<p>Acinas destac\u00f3 baj\u00f3 el grado de irresponsabilidad en los conductores de los distintos veh\u00edculos y detall\u00f3 que se realizaron 400 test de alcoholemia durante el fin de semana. &#8220;Queremos garantizar la circulaci\u00f3n que fue muy fluida, para no retrasar la circulaci\u00f3n hacemos controles de seguridad no tanto de documentaci\u00f3n&#8221; asegur\u00f3 el funcionario.<\/p>\n\n\n\n<p>&#8220;Apuntamos mucho al tema de seguridad, uso de luces y cascos, fueron muy bajo el n\u00famero de positivos, el viernes fue casi nulo y el s\u00e1bado subi\u00f3 m\u00e1s. Gracias a eso pasamos cuatro d\u00edas de carnaval sin problemas con esto&#8221; &nbsp;destac\u00f3 Juan Acinas.<\/p>\n\n\n\n<p><strong>Multas por alcoholemia<\/strong><\/p>\n\n\n\n<p>El subsecretario explic\u00f3 el procedimiento cuando un conductor da positivo: &#8220;Cuando se detecta alcoholemia, se le comuna que el veh\u00edculo va ser retenido, que bajen de veh\u00edculo y lo dejan y punto muerto y los trasladan. Es una cuesti\u00f3n grave y se necesita que este el Juez designe los pasos a seguir&#8221;.<\/p>\n\n\n\n<p>Acerca del costo de la multa, detall\u00f3 que va desde 400 unidades de multa hasta 3.000, cada unidad de nafta cuesta 164 pesos, por lo que pueden llegar hasta encima de los 65.000 pesos. Acinas record\u00f3 que lo permitido en el control de alcoholemia es de 0,2 para conductores de motos y 0,5 para conductores de autos.<\/p>\n","protected":false},"excerpt":{"rendered":"<p>El subsecretario de tr\u00e1nsito y seguidad vial de la Municipalidad de Corrientes, Juan Acinas,\u00a0 habl\u00f3 sobre los operativos de control llevados a cabo en la Capital.\u00a0 El subsecretario de tr\u00e1nsito&hellip; <\/p>\n","protected":false},"author":4,"featured_media":38234,"comment_status":"closed","ping_status":"open","sticky":false,"template":"","format":"standard","meta":{"footnotes":""},"categories":[1],"tags":[],"class_list":["post-38233","post","type-post","status-publish","format-standard","has-post-thumbnail","hentry","category-informacion-general"],"_links":{"self":[{"href":"https:\/\/corrientesdetarde.com\/index.php\/wp-json\/wp\/v2\/posts\/38233","targetHints":{"allow":["GET"]}}],"collection":[{"href":"https:\/\/corrientesdetarde.com\/index.php\/wp-json\/wp\/v2\/posts"}],"about":[{"href":"https:\/\/corrientesdetarde.com\/index.php\/wp-json\/wp\/v2\/types\/post"}],"author":[{"embeddable":true,"href":"https:\/\/corrientesdetarde.com\/index.php\/wp-json\/wp\/v2\/users\/4"}],"replies":[{"embeddable":true,"href":"https:\/\/corrientesdetarde.com\/index.php\/wp-json\/wp\/v2\/comments?post=38233"}],"version-history":[{"count":1,"href":"https:\/\/corrientesdetarde.com\/index.php\/wp-json\/wp\/v2\/posts\/38233\/revisions"}],"predecessor-version":[{"id":38235,"href":"https:\/\/corrientesdetarde.com\/index.php\/wp-json\/wp\/v2\/posts\/38233\/revisions\/38235"}],"wp:featuredmedia":[{"embeddable":true,"href":"https:\/\/corrientesdetarde.com\/index.php\/wp-json\/wp\/v2\/media\/38234"}],"wp:attachment":[{"href":"https:\/\/corrientesdetarde.com\/index.php\/wp-json\/wp\/v2\/media?parent=38233"}],"wp:term":[{"taxonomy":"category","embeddable":true,"href":"https:\/\/corrientesdetarde.com\/index.php\/wp-json\/wp\/v2\/categories?post=38233"},{"taxonomy":"post_tag","embeddable":true,"href":"https:\/\/corrientesdetarde.com\/index.php\/wp-json\/wp\/v2\/tags?post=38233"}],"curies":[{"name":"wp","href":"https:\/\/api.w.org\/{rel}","templated":true}]}}