{"id":38236,"date":"2023-02-06T12:42:07","date_gmt":"2023-02-06T15:42:07","guid":{"rendered":"https:\/\/corrientesdetarde.com\/?p=38236"},"modified":"2023-02-06T12:42:11","modified_gmt":"2023-02-06T15:42:11","slug":"continua-la-inscripcion-a-las-distintas-carreras-de-la-unne","status":"publish","type":"post","link":"https:\/\/corrientesdetarde.com\/index.php\/informacion-general\/continua-la-inscripcion-a-las-distintas-carreras-de-la-unne\/","title":{"rendered":"Contin\u00faa la inscripci\u00f3n a las distintas carreras de la UNNE"},"content":{"rendered":"\n<p>Es para algunas facultades y carreras espec\u00edficas, muchas de las cuales se dictan en el interior de Chaco y Corrientes. El tr\u00e1mite ser\u00e1 on-line, y adem\u00e1s se solicitar\u00e1 que los ingresantes tengan el calendario de vacunaci\u00f3n completo.<\/p>\n\n\n\n<p>Desde la Universidad Nacional del Nordeste (UNNE) informaron que las personas que deseen continuar sus estudios superiores y no se han inscripto durante el primer per\u00edodo, que se extendi\u00f3 desde mediados de noviembre hasta el 23 de diciembre del a\u00f1o pasado, a\u00fan pueden elegir entre las opciones disponibles en la segunda etapa de inscripci\u00f3n para el ciclo lectivo del presente a\u00f1o.<\/p>\n\n\n\n<p>&#8220;El 30 de enero hemos empezado el segundo per\u00edodo de inscripci\u00f3n, que a diferencia del primero donde todas las carreras estaban disponibles, ahora son menos las opciones, pero de todas maneras es importante ponerlas en conocimiento para aquellas personas que todav\u00eda no se han decidido o est\u00e1n ampliando sus posibilidades&#8221;, dijo en ese sentido la secretaria general acad\u00e9mica de la Universidad del Sol, Patricia Demuth, y repas\u00f3 las fechas, Unidades Acad\u00e9micas y ofertas disponibles.<\/p>\n\n\n\n<p>Desde esa fecha y hasta las 23:55 de ma\u00f1ana, se podr\u00e1n anotar para las carreras de la Facultad de Ciencias Agrarias.<\/p>\n\n\n\n<p>Por su parte, desde el 2 hasta el 10 de febrero de 2023 (hasta las 23:55); podr\u00e1n inscribirse quienes deseen estudiar alguna de las carreras de la Facultad de Ciencias Exactas y Naturales y Agrimensura (FACENA) y la Facultad de Ingenier\u00eda de la mencionada universidad.<\/p>\n\n\n\n<figure class=\"wp-block-image\"><img decoding=\"async\" src=\"https:\/\/www.diarioepoca.com\/content\/bucket\/2\/1279312w762h527c.jpg.webp\" alt=\"\"\/><\/figure>\n\n\n\n<p>Hasta el 28 de febrero pr\u00f3ximo (hasta las 23:55), est\u00e1 abierta la inscripci\u00f3n a la carrera de Comercio Exterior en la Facultad de Ciencias Econ\u00f3micas.<\/p>\n\n\n\n<p>Desde el 10 de febrero hasta el 10 de marzo de 2023 (siempre hasta las 23::55) en tanto, ser\u00e1 el plazo de inscripci\u00f3n para quienes deseen estudiar en el Instituto de Administraci\u00f3n de Empresas Agropecuarias de la Facultad de Ciencias Veterinarias; o la carrera de Licenciatura en Gesti\u00f3n y Desarrollo Cultural, en la Facultad de Artes, Dise\u00f1o y Ciencias de la Cultura.<\/p>\n\n\n\n<p>Para inscribirse a la carrera de Procuraci\u00f3n en la Facultad de Derecho y Ciencias Sociales y Pol\u00edticas, estar\u00e1 abierto el plazo entre el 1 y el 31 de marzo de 2023 (hasta las 23:55).<\/p>\n\n\n\n<p>Y desde el 1 de junio hasta el 31 de julio de 2023 (otra vez hasta las 21:55), fue el plazo estipulado para inscribirse al Ciclo de complementaci\u00f3n de Notariado para Abogados; la carrera de Martillero P\u00fablico y Corredor de Comercio; y las Tecnicaturas: en Gesti\u00f3n en Administraci\u00f3n Central; en Gesti\u00f3n Parlamentaria, en Gesti\u00f3n Judicial y en Gesti\u00f3n Municipal.<\/p>\n\n\n\n<p>&#8220;Por esta diversidad de fechas, recomiendo ver las fechas que cada persona necesite, para realizar la inscripci\u00f3n en tiempo y forma&#8221;, dijo la funcionaria universitaria y record\u00f3 que se puede acceder a toda la informaci\u00f3n en el sitio web de la UNNE: https:\/\/bit.ly\/40BVV8X<\/p>\n\n\n\n<p>Demuth record\u00f3 tambi\u00e9n que &#8220;la inscripci\u00f3n sigue siendo on-line y los requisitos se mantienen igual que el a\u00f1o pasado&#8221;.<\/p>\n\n\n\n<h2 class=\"wp-block-heading\"><br>Inscripci\u00f3n on-line<\/h2>\n\n\n\n<p>Tal lo dispuesto por resoluci\u00f3n N\u00ba645\/22 del Consejo Superior de la UNNE, mediante la cual se aprob\u00f3 la inscripci\u00f3n formal de aspirantes a ingreso para el A\u00f1o Acad\u00e9mico 2023 de las Facultades e Institutos de esta Universidad; la inscripci\u00f3n se realizar\u00e1 de manera virtual, y quienes se anoten deber\u00e1n adjuntar, en formato digital, la siguiente documentaci\u00f3n:<\/p>\n\n\n\n<p>Documento Nacional de Identidad (anverso y reverso). Y en caso de ser extranjero sin DNI deber\u00e1 presentar Pasaporte; y si pertenece al Mercado Com\u00fan del Sur, ser\u00e1 suficiente la C\u00e9dula de Identidad del MERCOSUR.<\/p>\n\n\n\n<p>Fotograf\u00eda digital 4\u00d74 cms de fondo blanco.<\/p>\n\n\n\n<p>T\u00edtulo de Nivel Medio original, o constancia de estudios secundarios completos (con la leyenda &#8220;no adeuda materias&#8221;). Si al momento de la inscripci\u00f3n no contase con alguno de los requisitos, deber\u00e1 presentar constancia expedida por la Instituci\u00f3n de finalizaci\u00f3n del cursado del \u00faltimo ciclo de ense\u00f1anza secundaria, indicando la\/s asignatura\/s que adeuda.<\/p>\n\n\n\n<p>Copia del carnet de vacunaci\u00f3n o registro de inmunizaciones de &#8220;Mi Argentina&#8221; (Vacuna Doble Adulto \u2013 16 a\u00f1os \u2013 Calendario Obligatorio).<\/p>\n\n\n\n<p>Dicha documentaci\u00f3n deber\u00e1 adjuntarse en el sitio inscripciones.unne.edu.ar o con su usuario por SIU Guaran\u00ed, en &#8220;Tr\u00e1mites&#8221;, &#8220;Inscripci\u00f3n a Propuestas&#8221;.<\/p>\n\n\n\n<p>Desde la UNNE se har\u00e1 hincapi\u00e9 en que los ingresantes al Ciclo Lectivo 2023 tengan el calendario de vacunaci\u00f3n completo.<\/p>\n","protected":false},"excerpt":{"rendered":"<p>Es para algunas facultades y carreras espec\u00edficas, muchas de las cuales se dictan en el interior de Chaco y Corrientes. El tr\u00e1mite ser\u00e1 on-line, y adem\u00e1s se solicitar\u00e1 que los&hellip; <\/p>\n","protected":false},"author":4,"featured_media":38237,"comment_status":"closed","ping_status":"open","sticky":false,"template":"","format":"standard","meta":{"footnotes":""},"categories":[1],"tags":[],"class_list":["post-38236","post","type-post","status-publish","format-standard","has-post-thumbnail","hentry","category-informacion-general"],"_links":{"self":[{"href":"https:\/\/corrientesdetarde.com\/index.php\/wp-json\/wp\/v2\/posts\/38236","targetHints":{"allow":["GET"]}}],"collection":[{"href":"https:\/\/corrientesdetarde.com\/index.php\/wp-json\/wp\/v2\/posts"}],"about":[{"href":"https:\/\/corrientesdetarde.com\/index.php\/wp-json\/wp\/v2\/types\/post"}],"author":[{"embeddable":true,"href":"https:\/\/corrientesdetarde.com\/index.php\/wp-json\/wp\/v2\/users\/4"}],"replies":[{"embeddable":true,"href":"https:\/\/corrientesdetarde.com\/index.php\/wp-json\/wp\/v2\/comments?post=38236"}],"version-history":[{"count":1,"href":"https:\/\/corrientesdetarde.com\/index.php\/wp-json\/wp\/v2\/posts\/38236\/revisions"}],"predecessor-version":[{"id":38238,"href":"https:\/\/corrientesdetarde.com\/index.php\/wp-json\/wp\/v2\/posts\/38236\/revisions\/38238"}],"wp:featuredmedia":[{"embeddable":true,"href":"https:\/\/corrientesdetarde.com\/index.php\/wp-json\/wp\/v2\/media\/38237"}],"wp:attachment":[{"href":"https:\/\/corrientesdetarde.com\/index.php\/wp-json\/wp\/v2\/media?parent=38236"}],"wp:term":[{"taxonomy":"category","embeddable":true,"href":"https:\/\/corrientesdetarde.com\/index.php\/wp-json\/wp\/v2\/categories?post=38236"},{"taxonomy":"post_tag","embeddable":true,"href":"https:\/\/corrientesdetarde.com\/index.php\/wp-json\/wp\/v2\/tags?post=38236"}],"curies":[{"name":"wp","href":"https:\/\/api.w.org\/{rel}","templated":true}]}}