{"id":38242,"date":"2023-02-06T12:58:39","date_gmt":"2023-02-06T15:58:39","guid":{"rendered":"https:\/\/corrientesdetarde.com\/?p=38242"},"modified":"2023-02-06T12:58:43","modified_gmt":"2023-02-06T15:58:43","slug":"denuncian-estafa-en-la-venta-de-motos-en-una-agencia-que-estaba-en-el-centro-de-corrientes","status":"publish","type":"post","link":"https:\/\/corrientesdetarde.com\/index.php\/crimen-y-justicia\/denuncian-estafa-en-la-venta-de-motos-en-una-agencia-que-estaba-en-el-centro-de-corrientes\/","title":{"rendered":"Denuncian estafa en la venta de motos en una agencia que estaba en el centro de CorrienteS"},"content":{"rendered":"\n<p>Hasta diciembre, el negocio funcionaba en Espa\u00f1a y Junin. De un d\u00eda para el otro, desaparecieron del lugar. Una oyente denunci\u00f3 que ya hab\u00eda pagado 18 cuotas y le faltaba poco para retirar la moto que hab\u00eda comprado.\u00a0<\/p>\n\n\n\n<p>&#8220;Quiero que aparezca mi moto o alguno de los dos que me vendieron. Yo pagu\u00e9 18 cuotas de $5.600 por mes hasta diciembre, cuando le pague dos juntas. Vine en enero a pagar de nuevo y ya no estan y me dieron una direcci\u00f3n falsa, que es Santa Fe 980, y no existe&#8221;, cont\u00f3 a LT7 Isabel, quien fue estafada.<\/p>\n\n\n\n<p>&#8220;El a\u00f1o ante pasado yo empec\u00e9 a pagar. El gerente me dijo que me iban a dar el caso y el seguro. En junio de 2023 me ten\u00edan que dar la moto. Pero desaparecieron. Como yo no ten\u00eda garante, me dijeron que ten\u00eda que pagar toda la moto primero y luego me la dar\u00edan&#8221;, agreg\u00f3.<\/p>\n\n\n\n<p>La damnificada coment\u00f3 adem\u00e1s que hay otras personas estafadas.<\/p>\n\n\n\n<figure class=\"wp-block-embed is-type-rich is-provider-gestor-del-servicio wp-block-embed-gestor-del-servicio wp-embed-aspect-16-9 wp-has-aspect-ratio\"><div class=\"wp-block-embed__wrapper\">\n<iframe loading=\"lazy\" title=\"Denuncia estafa por una agencia de motos en Corrientes\" width=\"1110\" height=\"624\" src=\"https:\/\/www.youtube.com\/embed\/pbodtMxd-cg?feature=oembed\" frameborder=\"0\" allow=\"accelerometer; autoplay; clipboard-write; encrypted-media; gyroscope; picture-in-picture; web-share\" allowfullscreen><\/iframe>\n<\/div><\/figure>\n\n\n\n<p>Fuente: LT7.<\/p>\n","protected":false},"excerpt":{"rendered":"<p>Hasta diciembre, el negocio funcionaba en Espa\u00f1a y Junin. De un d\u00eda para el otro, desaparecieron del lugar. Una oyente denunci\u00f3 que ya hab\u00eda pagado 18 cuotas y le faltaba&hellip; <\/p>\n","protected":false},"author":4,"featured_media":38244,"comment_status":"closed","ping_status":"open","sticky":false,"template":"","format":"standard","meta":{"footnotes":""},"categories":[5],"tags":[],"class_list":["post-38242","post","type-post","status-publish","format-standard","has-post-thumbnail","hentry","category-crimen-y-justicia"],"_links":{"self":[{"href":"https:\/\/corrientesdetarde.com\/index.php\/wp-json\/wp\/v2\/posts\/38242","targetHints":{"allow":["GET"]}}],"collection":[{"href":"https:\/\/corrientesdetarde.com\/index.php\/wp-json\/wp\/v2\/posts"}],"about":[{"href":"https:\/\/corrientesdetarde.com\/index.php\/wp-json\/wp\/v2\/types\/post"}],"author":[{"embeddable":true,"href":"https:\/\/corrientesdetarde.com\/index.php\/wp-json\/wp\/v2\/users\/4"}],"replies":[{"embeddable":true,"href":"https:\/\/corrientesdetarde.com\/index.php\/wp-json\/wp\/v2\/comments?post=38242"}],"version-history":[{"count":1,"href":"https:\/\/corrientesdetarde.com\/index.php\/wp-json\/wp\/v2\/posts\/38242\/revisions"}],"predecessor-version":[{"id":38245,"href":"https:\/\/corrientesdetarde.com\/index.php\/wp-json\/wp\/v2\/posts\/38242\/revisions\/38245"}],"wp:featuredmedia":[{"embeddable":true,"href":"https:\/\/corrientesdetarde.com\/index.php\/wp-json\/wp\/v2\/media\/38244"}],"wp:attachment":[{"href":"https:\/\/corrientesdetarde.com\/index.php\/wp-json\/wp\/v2\/media?parent=38242"}],"wp:term":[{"taxonomy":"category","embeddable":true,"href":"https:\/\/corrientesdetarde.com\/index.php\/wp-json\/wp\/v2\/categories?post=38242"},{"taxonomy":"post_tag","embeddable":true,"href":"https:\/\/corrientesdetarde.com\/index.php\/wp-json\/wp\/v2\/tags?post=38242"}],"curies":[{"name":"wp","href":"https:\/\/api.w.org\/{rel}","templated":true}]}}