{"id":38399,"date":"2023-02-06T19:50:06","date_gmt":"2023-02-06T22:50:06","guid":{"rendered":"https:\/\/corrientesdetarde.com\/?p=38399"},"modified":"2023-02-06T19:50:11","modified_gmt":"2023-02-06T22:50:11","slug":"el-tremendo-tatuaje-del-cuti-romero-de-la-copa-del-mundo","status":"publish","type":"post","link":"https:\/\/corrientesdetarde.com\/index.php\/deportes\/el-tremendo-tatuaje-del-cuti-romero-de-la-copa-del-mundo\/","title":{"rendered":"El tremendo tatuaje del Cuti Romero de la Copa del Mundo"},"content":{"rendered":"\n<p>Uno de los grandes pilares de la Selecci\u00f3n Argentina inmortaliz\u00f3 en su piel la consagraci\u00f3n en el Mundial de Qatar 2022.<\/p>\n\n\n\n<p>En los \u00faltimos a\u00f1os&nbsp;<strong>Cristian Romero&nbsp;<\/strong>se convirti\u00f3 en uno de los grandes pilares de la&nbsp;<strong>Selecci\u00f3n Argentina&nbsp;<\/strong>y ahora llevar\u00e1 grabado en la piel el recuerdo de la consagraci\u00f3n en el&nbsp;<strong>Mundial de Qatar 2022<\/strong>.<\/p>\n\n\n\n<p>El\u00a0<strong>Cuti<\/strong>, quien este domingo vio la roja por doble amarilla en la victoria del\u00a0<strong>Tottenham\u00a0<\/strong>frente al\u00a0<strong>Manchester City<\/strong>, se tatu\u00f3 la Copa del Mundo con el sol y la bandera de nuestro pa\u00eds y, seg\u00fan trascendi\u00f3, planea tatuarse el\u00a0<strong>escudo de la AFA con las tres estrellas.<\/strong><\/p>\n\n\n\n<p>De esta manera, el defensor de la Albiceleste se suma a otros campeones del mundo que tambi\u00e9n se tatuaron la Copa del Mundo, como<strong>\u00a0\u00c1ngel Di Mar\u00eda<\/strong>,\u00a0<strong>Leandro Paredes<\/strong>,\u00a0<strong>el Dibu Mart\u00ednez<\/strong>,\u00a0<strong>Germ\u00e1n Pezzella<\/strong>,\u00a0<strong>Alejandro &#8220;Papu&#8221; G\u00f3mez<\/strong>\u00a0y\u00a0<strong>Rodrigo De Paul<\/strong>.<\/p>\n\n\n\n<figure class=\"wp-block-embed is-type-rich is-provider-twitter wp-block-embed-twitter\"><div class=\"wp-block-embed__wrapper\">\n<blockquote class=\"twitter-tweet\" data-width=\"550\" data-dnt=\"true\"><p lang=\"es\" dir=\"ltr\">\u00a1Para toda la vida! Cuti Romero se prepara para un tatuaje a la altura de un campe\u00f3n del mundo \ud83c\udde6\ud83c\uddf7\ud83c\udfc6.<br><br>\ud83d\udcf9: IG\/valentinorussotattoo <a href=\"https:\/\/t.co\/5VqGJIAOXx\">pic.twitter.com\/5VqGJIAOXx<\/a><\/p>&mdash; SportsCenter (@SC_ESPN) <a href=\"https:\/\/twitter.com\/SC_ESPN\/status\/1622648607856787475?ref_src=twsrc%5Etfw\">February 6, 2023<\/a><\/blockquote><script async src=\"https:\/\/platform.twitter.com\/widgets.js\" charset=\"utf-8\"><\/script>\n<\/div><\/figure>\n\n\n\n<p><\/p>\n\n\n\n<p><\/p>\n","protected":false},"excerpt":{"rendered":"<p>Uno de los grandes pilares de la Selecci\u00f3n Argentina inmortaliz\u00f3 en su piel la consagraci\u00f3n en el Mundial de Qatar 2022. En los \u00faltimos a\u00f1os&nbsp;Cristian Romero&nbsp;se convirti\u00f3 en uno de&hellip; <\/p>\n","protected":false},"author":8,"featured_media":38400,"comment_status":"closed","ping_status":"open","sticky":false,"template":"","format":"standard","meta":{"footnotes":""},"categories":[4],"tags":[],"class_list":["post-38399","post","type-post","status-publish","format-standard","has-post-thumbnail","hentry","category-deportes"],"_links":{"self":[{"href":"https:\/\/corrientesdetarde.com\/index.php\/wp-json\/wp\/v2\/posts\/38399","targetHints":{"allow":["GET"]}}],"collection":[{"href":"https:\/\/corrientesdetarde.com\/index.php\/wp-json\/wp\/v2\/posts"}],"about":[{"href":"https:\/\/corrientesdetarde.com\/index.php\/wp-json\/wp\/v2\/types\/post"}],"author":[{"embeddable":true,"href":"https:\/\/corrientesdetarde.com\/index.php\/wp-json\/wp\/v2\/users\/8"}],"replies":[{"embeddable":true,"href":"https:\/\/corrientesdetarde.com\/index.php\/wp-json\/wp\/v2\/comments?post=38399"}],"version-history":[{"count":1,"href":"https:\/\/corrientesdetarde.com\/index.php\/wp-json\/wp\/v2\/posts\/38399\/revisions"}],"predecessor-version":[{"id":38401,"href":"https:\/\/corrientesdetarde.com\/index.php\/wp-json\/wp\/v2\/posts\/38399\/revisions\/38401"}],"wp:featuredmedia":[{"embeddable":true,"href":"https:\/\/corrientesdetarde.com\/index.php\/wp-json\/wp\/v2\/media\/38400"}],"wp:attachment":[{"href":"https:\/\/corrientesdetarde.com\/index.php\/wp-json\/wp\/v2\/media?parent=38399"}],"wp:term":[{"taxonomy":"category","embeddable":true,"href":"https:\/\/corrientesdetarde.com\/index.php\/wp-json\/wp\/v2\/categories?post=38399"},{"taxonomy":"post_tag","embeddable":true,"href":"https:\/\/corrientesdetarde.com\/index.php\/wp-json\/wp\/v2\/tags?post=38399"}],"curies":[{"name":"wp","href":"https:\/\/api.w.org\/{rel}","templated":true}]}}