{"id":38403,"date":"2023-02-06T20:17:05","date_gmt":"2023-02-06T23:17:05","guid":{"rendered":"https:\/\/corrientesdetarde.com\/?p=38403"},"modified":"2023-02-06T20:17:08","modified_gmt":"2023-02-06T23:17:08","slug":"un-hombre-asesino-a-otro-de-un-disparo-en-el-cuello","status":"publish","type":"post","link":"https:\/\/corrientesdetarde.com\/index.php\/crimen-y-justicia\/un-hombre-asesino-a-otro-de-un-disparo-en-el-cuello\/","title":{"rendered":"Un hombre asesin\u00f3 a otro de un disparo en el cuello"},"content":{"rendered":"\n<p>Efectivos policiales de la Comisaria de Distrito Primera de Goya en colaboraci\u00f3n con las autoridades judiciales en turno dieron inicio a tareas investigativas en relaci\u00f3n a un hecho delictivo ocurrido en la noche de ayer 04-02-23 en la Quinta Secci\u00f3n, Paraje El Duraznillo Departamento de Goya, donde por causas y circunstancias que es materia de investigaci\u00f3n un hombre \u2013quien ya se encuentra aprehendido- le habr\u00eda producido un disparo con un arma de fuego a otro en su humanidad, lo que produjo su deceso en el lugar, desconoci\u00e9ndose hasta el momento m\u00e1s detalles y pormenores que rodearon el hecho.<\/p>\n\n\n\n<p>Seg\u00fan la primera informaci\u00f3n inicial, el hecho se habr\u00eda registrado cerca de las 20:20 horas, m\u00e1s precisamente en el interior de un domicilio; donde un hombre identificado con el apellido Mart\u00ednez -73- le habr\u00eda disparado con un arma de fuego a otro identificado con el apellido Vallejos -35- m\u00e1s precisamente en la zona del cuello, lo que produjo su deceso en el lugar.<\/p>\n\n\n\n<p>Posteriormente y siguiendo la l\u00ednea investigativa, en el lugar se procedi\u00f3 a la aprehensi\u00f3n del ciudadano Mart\u00ednez; tambi\u00e9n al secuestro preventivo de un tel\u00e9fono celular y un arma de fuego \u2013escopeta cal. 16- el cual aparentemente fue utilizado para cometer el hecho.<\/p>\n\n\n\n<p>Al respecto, la persona aprehendida y los elementos secuestrados fueron trasladados hasta la citada dependencia quedando a disposici\u00f3n de las autoridades UFRAC Goya a fin de continuar con las diligencias correspondientes del caso.<\/p>\n","protected":false},"excerpt":{"rendered":"<p>Efectivos policiales de la Comisaria de Distrito Primera de Goya en colaboraci\u00f3n con las autoridades judiciales en turno dieron inicio a tareas investigativas en relaci\u00f3n a un hecho delictivo ocurrido&hellip; <\/p>\n","protected":false},"author":1,"featured_media":38408,"comment_status":"closed","ping_status":"open","sticky":false,"template":"","format":"standard","meta":{"footnotes":""},"categories":[5],"tags":[],"class_list":["post-38403","post","type-post","status-publish","format-standard","has-post-thumbnail","hentry","category-crimen-y-justicia"],"_links":{"self":[{"href":"https:\/\/corrientesdetarde.com\/index.php\/wp-json\/wp\/v2\/posts\/38403","targetHints":{"allow":["GET"]}}],"collection":[{"href":"https:\/\/corrientesdetarde.com\/index.php\/wp-json\/wp\/v2\/posts"}],"about":[{"href":"https:\/\/corrientesdetarde.com\/index.php\/wp-json\/wp\/v2\/types\/post"}],"author":[{"embeddable":true,"href":"https:\/\/corrientesdetarde.com\/index.php\/wp-json\/wp\/v2\/users\/1"}],"replies":[{"embeddable":true,"href":"https:\/\/corrientesdetarde.com\/index.php\/wp-json\/wp\/v2\/comments?post=38403"}],"version-history":[{"count":1,"href":"https:\/\/corrientesdetarde.com\/index.php\/wp-json\/wp\/v2\/posts\/38403\/revisions"}],"predecessor-version":[{"id":38410,"href":"https:\/\/corrientesdetarde.com\/index.php\/wp-json\/wp\/v2\/posts\/38403\/revisions\/38410"}],"wp:featuredmedia":[{"embeddable":true,"href":"https:\/\/corrientesdetarde.com\/index.php\/wp-json\/wp\/v2\/media\/38408"}],"wp:attachment":[{"href":"https:\/\/corrientesdetarde.com\/index.php\/wp-json\/wp\/v2\/media?parent=38403"}],"wp:term":[{"taxonomy":"category","embeddable":true,"href":"https:\/\/corrientesdetarde.com\/index.php\/wp-json\/wp\/v2\/categories?post=38403"},{"taxonomy":"post_tag","embeddable":true,"href":"https:\/\/corrientesdetarde.com\/index.php\/wp-json\/wp\/v2\/tags?post=38403"}],"curies":[{"name":"wp","href":"https:\/\/api.w.org\/{rel}","templated":true}]}}