{"id":38415,"date":"2023-02-06T22:01:00","date_gmt":"2023-02-07T01:01:00","guid":{"rendered":"https:\/\/corrientesdetarde.com\/?p=38415"},"modified":"2023-02-06T22:01:03","modified_gmt":"2023-02-07T01:01:03","slug":"gustavo-valdes-brego-por-un-plan-sensato-para-sacar-a-la-argentina-del-letargo","status":"publish","type":"post","link":"https:\/\/corrientesdetarde.com\/index.php\/politica\/gustavo-valdes-brego-por-un-plan-sensato-para-sacar-a-la-argentina-del-letargo\/","title":{"rendered":"Gustavo Vald\u00e9s breg\u00f3\u00a0por &#8220;un plan sensato para sacar a la Argentina del letargo&#8221;"},"content":{"rendered":"\n<p>El gobernador de Corrientes, Gustavo Vald\u00e9s particip\u00f3 este lunes en la reuni\u00f3n de la Mesa Nacional de Juntos por el Cambio que se realiz\u00f3 en la ciudad de Buenos Aires. All\u00ed, el Mandatario correntino plante\u00f3 que &#8220;es clave continuar trabajando en un plan sensato y transmitirle a la sociedad c\u00f3mo vamos a sacar a la Argentina del letargo en el que se encuentra&#8221;.<\/p>\n\n\n\n<p>Esta cumbre de JxC tuvo lugar en el sal\u00f3n \u201cLa Escondida de Palermo\u201d, en el barrio hom\u00f3nimo, para analizar la dif\u00edcil situaci\u00f3n econ\u00f3mica que dejar\u00e1 el Gobierno nacional a la pr\u00f3xima gesti\u00f3n. En la ocasi\u00f3n se evalu\u00f3 la necesidad de llevar adelante una serie de pol\u00edticas en materia cambiaria, fiscal y monetaria para que el pa\u00eds se recupere.<\/p>\n\n\n\n<p><strong>Preocupaci\u00f3n&nbsp;<\/strong><\/p>\n\n\n\n<p>La Mesa Nacional de Juntos por el Cambio manifest\u00f3, tras la reuni\u00f3n, su preocupaci\u00f3n ante la grave situaci\u00f3n econ\u00f3mica que el Gobierno Nacional le dejar\u00e1 al pr\u00f3ximo gobierno que &#8220;no hace m\u00e1s que perjudicar a los argentinos, a los que condenan a este estancamiento permanente&#8221;. As\u00ed lo indicaron en un comunicado, considerando que la situaci\u00f3n ser\u00e1 mucho peor de la recibida en el 2015<strong>.<\/strong><\/p>\n\n\n\n<p>&#8220;Lejos de resolver problemas, el Gobierno intenta irresponsablemente desplazar su impacto al d\u00eda despu\u00e9s de las elecciones&#8221;, sostuvo Vald\u00e9s, al respecto, planteando que &#8220;por eso, es clave continuar trabajando en un plan sensato y transmitirle a la sociedad c\u00f3mo vamos a sacar a la Argentina del letargo en el que se encuentra&#8221;.<\/p>\n\n\n\n<p><strong>Mesa Nacional, gobernadores y legisladores de JxC con economistas<\/strong><\/p>\n\n\n\n<p>Participaron en la oportunidad, los presidentes de los partidos de JxC: Gerardo Morales (UCR), Maximiliano Ferraro (CC), Patricia Bullrich (PRO) y Miguel \u00c1ngel Pichetto (Encuentro Republicano Federal). Tambi\u00e9n el jefe de Gobierno porte\u00f1o, Horacio Rodr\u00edguez Larreta, el gobernador de Mendoza, Rodolfo Su\u00e1rez, el gobernador de Corrientes, Gustavo Vald\u00e9s; los senadores nacionales Humberto Schiavoni (PRO), Luis Naidenoff, Alfredo Cornejo y Mart\u00edn Lousteau (UCR); los diputados nacionales Cristian Ritondo, Mar\u00eda Eugenia Vidal, Federico Angelini y Laura Rodr\u00edguez Machado (PRO), Mario Negri y Emiliano Yacobitti (UCR), Juan Manuel L\u00f3pez (CC), Margarita Stolbizer (GEN), Ricardo L\u00f3pez Murphy (Republicanos Unidos) y Alberto Asseff (UNIR); la diputada provincial Maricel Etchecoin (CC); los dirigentes Sergio Abrevaya (GEN), Ram\u00f3n Puerta (ERF) y Ernesto Sanz (UCR); los secretarios ejecutivos Jorge Triaca (PRO), Ram\u00f3n Mestre (UCR), Andr\u00e9s de Leo (CC) y Jorge Franco (ERF).&nbsp;<\/p>\n\n\n\n<p>Tambi\u00e9n participaron los economistas Eduardo Levy Yeyati, Milagros Gismoldi, Hern\u00e1n Lacunza Juan Carlos Sanchez Arnau, Luciano Laspina y Mat\u00edas Sturt; y los presidentes de las fundaciones que integran Juntos por el Cambio: Agust\u00edn Campero (Alem); Franco Moccia (Pensar), Fernando S\u00e1nchez (Hannah Arendt) y Eduardo Mondino (Encuentro Federal).<\/p>\n","protected":false},"excerpt":{"rendered":"<p>El gobernador de Corrientes, Gustavo Vald\u00e9s particip\u00f3 este lunes en la reuni\u00f3n de la Mesa Nacional de Juntos por el Cambio que se realiz\u00f3 en la ciudad de Buenos Aires.&hellip; <\/p>\n","protected":false},"author":1,"featured_media":38422,"comment_status":"closed","ping_status":"open","sticky":false,"template":"","format":"standard","meta":{"footnotes":""},"categories":[3],"tags":[],"class_list":["post-38415","post","type-post","status-publish","format-standard","has-post-thumbnail","hentry","category-politica"],"_links":{"self":[{"href":"https:\/\/corrientesdetarde.com\/index.php\/wp-json\/wp\/v2\/posts\/38415","targetHints":{"allow":["GET"]}}],"collection":[{"href":"https:\/\/corrientesdetarde.com\/index.php\/wp-json\/wp\/v2\/posts"}],"about":[{"href":"https:\/\/corrientesdetarde.com\/index.php\/wp-json\/wp\/v2\/types\/post"}],"author":[{"embeddable":true,"href":"https:\/\/corrientesdetarde.com\/index.php\/wp-json\/wp\/v2\/users\/1"}],"replies":[{"embeddable":true,"href":"https:\/\/corrientesdetarde.com\/index.php\/wp-json\/wp\/v2\/comments?post=38415"}],"version-history":[{"count":1,"href":"https:\/\/corrientesdetarde.com\/index.php\/wp-json\/wp\/v2\/posts\/38415\/revisions"}],"predecessor-version":[{"id":38423,"href":"https:\/\/corrientesdetarde.com\/index.php\/wp-json\/wp\/v2\/posts\/38415\/revisions\/38423"}],"wp:featuredmedia":[{"embeddable":true,"href":"https:\/\/corrientesdetarde.com\/index.php\/wp-json\/wp\/v2\/media\/38422"}],"wp:attachment":[{"href":"https:\/\/corrientesdetarde.com\/index.php\/wp-json\/wp\/v2\/media?parent=38415"}],"wp:term":[{"taxonomy":"category","embeddable":true,"href":"https:\/\/corrientesdetarde.com\/index.php\/wp-json\/wp\/v2\/categories?post=38415"},{"taxonomy":"post_tag","embeddable":true,"href":"https:\/\/corrientesdetarde.com\/index.php\/wp-json\/wp\/v2\/tags?post=38415"}],"curies":[{"name":"wp","href":"https:\/\/api.w.org\/{rel}","templated":true}]}}