{"id":38416,"date":"2023-02-06T21:16:29","date_gmt":"2023-02-07T00:16:29","guid":{"rendered":"https:\/\/corrientesdetarde.com\/?p=38416"},"modified":"2023-02-06T21:16:32","modified_gmt":"2023-02-07T00:16:32","slug":"fernando-burlando-defenestro-a-maximo-thomsen-por-su-desmayo-tras-la-condena-a-la-perpetua","status":"publish","type":"post","link":"https:\/\/corrientesdetarde.com\/index.php\/informacion-general\/fernando-burlando-defenestro-a-maximo-thomsen-por-su-desmayo-tras-la-condena-a-la-perpetua\/","title":{"rendered":"Fernando Burlando defenestr\u00f3 a M\u00e1ximo Thomsen por su &#8220;desmayo&#8221; tras la condena a la perpetua"},"content":{"rendered":"\n<p>El caso paraliz\u00f3 al pa\u00eds, por la brutalidad, por la manera inhumana de atacar en manada a un adolecsente y por las m\u00faltiples pruebas que r\u00e1pidamente se viralizaron en los medios. El asesinato de Fernando B\u00e1ez Sosa conmovi\u00f3, por eso se sinti\u00f3 una peque\u00f1a caricia con la condena a reclusi\u00f3n perpetua a cinco de los autores del crimen.<\/p>\n\n\n\n<p>Tras el veredicto, Fernando Burlando, que se desempe\u00f1a como defensor de la familia del joven asesinado, habl\u00f3 con la mara\u00f1a de micr\u00f3fonos y c\u00e1maras apostadas en las inmediaciones del tribunal de Dolores y lanz\u00f3 una definici\u00f3n muy certera del &#8220;desmayo&#8221; de M\u00e1ximo Tomsen.<\/p>\n\n\n\n<p>Todo se remite a las im\u00e1genes que se mostraron de la lectura de la condena, tras la cual el encontrado culpable se recost\u00f3 sobre la silla y las autoridades del recinto solicitaron atenci\u00f3n m\u00e9dica por lo que podr\u00eda interpretarse como un desmayo o una bajada de presi\u00f3n.&nbsp;<\/p>\n\n\n\n<p>Burlando entabl\u00f3 contacto con la prensa y analiz\u00f3 sobre el dictado del tribunal: &#8220;Profesionalmente estoy conforme, son temas que generalmente no acaparan la atenci\u00f3n de la Justicia, las ri\u00f1as, y obtuvimos ocho condenas. Pero tengo un sabor extra\u00f1o, estoy insatisfecho, desencantado, por el beneficio que le dieron a estas tres personas que consideraron como part\u00edcipes secundarios del crimen&#8221;.<\/p>\n\n\n\n<p>Cuando un cronista le consult\u00f3 respecto al problema de salud aparente de Tomsen, Fernando no dud\u00f3 en exclamar, movilizado por la indignaci\u00f3n y la bronca: &#8220;\u00bfParece que Thomsen se desmay\u00f3? As\u00ed le pegaron a Fernando; desmayado&#8221;.<\/p>\n\n\n\n<p>Luego, la pareja de Barby Franco, que se mostr\u00f3 orgullosa de su novio, aport\u00f3 m\u00e1s detalles de su visi\u00f3n de toda la condena y asever\u00f3: &#8220;Este fallo pudo haber sido bisagra para la sociedad argentina y si tenemos una justicia que es contemplativa, una contemplaci\u00f3n que no tuvo Fernando cuando ped\u00eda en su suplicio clemencia, la justicia as\u00ed no es justicia&#8221;.<\/p>\n","protected":false},"excerpt":{"rendered":"<p>El caso paraliz\u00f3 al pa\u00eds, por la brutalidad, por la manera inhumana de atacar en manada a un adolecsente y por las m\u00faltiples pruebas que r\u00e1pidamente se viralizaron en los&hellip; <\/p>\n","protected":false},"author":1,"featured_media":38419,"comment_status":"closed","ping_status":"open","sticky":false,"template":"","format":"standard","meta":{"footnotes":""},"categories":[1],"tags":[],"class_list":["post-38416","post","type-post","status-publish","format-standard","has-post-thumbnail","hentry","category-informacion-general"],"_links":{"self":[{"href":"https:\/\/corrientesdetarde.com\/index.php\/wp-json\/wp\/v2\/posts\/38416","targetHints":{"allow":["GET"]}}],"collection":[{"href":"https:\/\/corrientesdetarde.com\/index.php\/wp-json\/wp\/v2\/posts"}],"about":[{"href":"https:\/\/corrientesdetarde.com\/index.php\/wp-json\/wp\/v2\/types\/post"}],"author":[{"embeddable":true,"href":"https:\/\/corrientesdetarde.com\/index.php\/wp-json\/wp\/v2\/users\/1"}],"replies":[{"embeddable":true,"href":"https:\/\/corrientesdetarde.com\/index.php\/wp-json\/wp\/v2\/comments?post=38416"}],"version-history":[{"count":1,"href":"https:\/\/corrientesdetarde.com\/index.php\/wp-json\/wp\/v2\/posts\/38416\/revisions"}],"predecessor-version":[{"id":38420,"href":"https:\/\/corrientesdetarde.com\/index.php\/wp-json\/wp\/v2\/posts\/38416\/revisions\/38420"}],"wp:featuredmedia":[{"embeddable":true,"href":"https:\/\/corrientesdetarde.com\/index.php\/wp-json\/wp\/v2\/media\/38419"}],"wp:attachment":[{"href":"https:\/\/corrientesdetarde.com\/index.php\/wp-json\/wp\/v2\/media?parent=38416"}],"wp:term":[{"taxonomy":"category","embeddable":true,"href":"https:\/\/corrientesdetarde.com\/index.php\/wp-json\/wp\/v2\/categories?post=38416"},{"taxonomy":"post_tag","embeddable":true,"href":"https:\/\/corrientesdetarde.com\/index.php\/wp-json\/wp\/v2\/tags?post=38416"}],"curies":[{"name":"wp","href":"https:\/\/api.w.org\/{rel}","templated":true}]}}