{"id":38417,"date":"2023-02-06T21:27:01","date_gmt":"2023-02-07T00:27:01","guid":{"rendered":"https:\/\/corrientesdetarde.com\/?p=38417"},"modified":"2023-02-06T21:27:04","modified_gmt":"2023-02-07T00:27:04","slug":"todo-listo-para-el-salto-inicial-del-yuyo-agrelo","status":"publish","type":"post","link":"https:\/\/corrientesdetarde.com\/index.php\/deportes\/todo-listo-para-el-salto-inicial-del-yuyo-agrelo\/","title":{"rendered":"Todo listo para el salto inicial del &#8220;Yuyo&#8221; Agrelo"},"content":{"rendered":"\n<p>Ya est\u00e1 todo listo para que se d\u00e9 el regreso del tradicional torneo de b\u00e1squet de veteranos del Club de Regatas Corrientes Carlos &#8220;Yuyo&#8221; Agrelo, el cual desarrollar\u00e1 su XII edici\u00f3n. El certamen vuelve a disputarse luego de tres a\u00f1os de ausencia.<\/p>\n\n\n\n<p>Desde las 20:45 horas del martes, en el estadio Jos\u00e9 Jorge Contte, se llevar\u00e1 a cabo el acto que dar\u00e1 inicio oficial al torneo, donde luego se pondr\u00e1 la naranja a volar nuevamente. De la ceremonia ser\u00e1n parte miembros de la Honorable Comisi\u00f3n Directiva de la instituci\u00f3n, presidida por el Dr. Eduardo Tassano, al igual que los socios y jugadores.<\/p>\n\n\n\n<p>En el marco de los festejos por los primeros 100 a\u00f1os de la instituci\u00f3n del parque Mitre, en esta edici\u00f3n del torneo de verano se pondr\u00e1 en disputa la Copa Centenario. Adem\u00e1s,&nbsp;<\/p>\n\n\n\n<p>los equipos ganadores obtendr\u00e1n indumentaria del Club de Regatas.<\/p>\n\n\n\n<p>A diferencia de las ediciones anteriores, en esta oportunidad habr\u00e1 dos categor\u00edas en juego. La de veteranos, que ser\u00e1 para mayores de 40 a\u00f1os, y la de maxib\u00e1squet, para mayores de 55 a\u00f1os.&nbsp;<\/p>\n\n\n\n<p>El salto inicial ser\u00e1 a las 21:15, donde se enfrentar\u00e1n en primer turno los equipos Rozada frente a Dogos. A segunda hora, 22:45, El Tala se medir\u00e1 contra Gerontes, en lo que marcar\u00e1 el inicio oficial de la competencia.&nbsp;<\/p>\n","protected":false},"excerpt":{"rendered":"<p>Ya est\u00e1 todo listo para que se d\u00e9 el regreso del tradicional torneo de b\u00e1squet de veteranos del Club de Regatas Corrientes Carlos &#8220;Yuyo&#8221; Agrelo, el cual desarrollar\u00e1 su XII&hellip; <\/p>\n","protected":false},"author":1,"featured_media":38418,"comment_status":"closed","ping_status":"open","sticky":false,"template":"","format":"standard","meta":{"footnotes":""},"categories":[4],"tags":[],"class_list":["post-38417","post","type-post","status-publish","format-standard","has-post-thumbnail","hentry","category-deportes"],"_links":{"self":[{"href":"https:\/\/corrientesdetarde.com\/index.php\/wp-json\/wp\/v2\/posts\/38417","targetHints":{"allow":["GET"]}}],"collection":[{"href":"https:\/\/corrientesdetarde.com\/index.php\/wp-json\/wp\/v2\/posts"}],"about":[{"href":"https:\/\/corrientesdetarde.com\/index.php\/wp-json\/wp\/v2\/types\/post"}],"author":[{"embeddable":true,"href":"https:\/\/corrientesdetarde.com\/index.php\/wp-json\/wp\/v2\/users\/1"}],"replies":[{"embeddable":true,"href":"https:\/\/corrientesdetarde.com\/index.php\/wp-json\/wp\/v2\/comments?post=38417"}],"version-history":[{"count":1,"href":"https:\/\/corrientesdetarde.com\/index.php\/wp-json\/wp\/v2\/posts\/38417\/revisions"}],"predecessor-version":[{"id":38421,"href":"https:\/\/corrientesdetarde.com\/index.php\/wp-json\/wp\/v2\/posts\/38417\/revisions\/38421"}],"wp:featuredmedia":[{"embeddable":true,"href":"https:\/\/corrientesdetarde.com\/index.php\/wp-json\/wp\/v2\/media\/38418"}],"wp:attachment":[{"href":"https:\/\/corrientesdetarde.com\/index.php\/wp-json\/wp\/v2\/media?parent=38417"}],"wp:term":[{"taxonomy":"category","embeddable":true,"href":"https:\/\/corrientesdetarde.com\/index.php\/wp-json\/wp\/v2\/categories?post=38417"},{"taxonomy":"post_tag","embeddable":true,"href":"https:\/\/corrientesdetarde.com\/index.php\/wp-json\/wp\/v2\/tags?post=38417"}],"curies":[{"name":"wp","href":"https:\/\/api.w.org\/{rel}","templated":true}]}}