{"id":38922,"date":"2023-02-08T14:47:42","date_gmt":"2023-02-08T17:47:42","guid":{"rendered":"https:\/\/corrientesdetarde.com\/?p=38922"},"modified":"2023-02-08T14:49:31","modified_gmt":"2023-02-08T17:49:31","slug":"la-vida-de-guemes-el-salteno-rebelde-y-corajudo-que-se-convirtio-en-la-pesadilla-de-los-espanoles","status":"publish","type":"post","link":"https:\/\/corrientesdetarde.com\/index.php\/actualidad\/la-vida-de-guemes-el-salteno-rebelde-y-corajudo-que-se-convirtio-en-la-pesadilla-de-los-espanoles\/","title":{"rendered":"La vida de G\u00fcemes, el salte\u00f1o rebelde y corajudo que se convirti\u00f3 en la pesadilla de los espa\u00f1oles"},"content":{"rendered":"\n<h2 class=\"wp-block-heading\">Un 8 de febrero naci\u00f3 en Salta Mart\u00edn Miguel de G\u00fcemes, quien tuvo menuda tarea en el norte, cuando la guerra contra los espa\u00f1oles no se hab\u00eda definido. Junto a sus Infernales, se puso al hombro de la frontera norte casi en soledad, lidiando con los porte\u00f1os, que siempre lo miraron con recelo<\/h2>\n\n\n\n<p>Cuando sab\u00eda que se mor\u00eda,&nbsp;<strong>G\u00fcemes<\/strong>&nbsp;mand\u00f3 llamar al coronel alsaciano&nbsp;<strong>Enrique Vidt<\/strong>, aquel que hab\u00eda combatido en Waterloo en el ej\u00e9rcito napole\u00f3nico y, delante de los emisarios espa\u00f1oles -que llevaban el mensaje del jefe espa\u00f1ol&nbsp;<strong>Pedro Ola\u00f1eta<\/strong>&nbsp;de asistirlo a cambio de su rendici\u00f3n- lo nombr\u00f3 comandante en jefe del ej\u00e9rcito provincial y&nbsp;<strong>le hizo jurar que nunca bajase los brazos y que continuase la lucha contra los realistas.<\/strong><\/p>\n\n\n\n<p>Hab\u00eda nacido 36 a\u00f1os atr\u00e1s en Salta, un 8 de febrero de 1785. El padre de&nbsp;<strong>Mart\u00edn Miguel Juan de Mata G\u00fcemes Montero de Goyechea y la Costa<\/strong>&nbsp;era el espa\u00f1ol&nbsp;<strong>Gabriel de G\u00fcemes Montero<\/strong>&nbsp;y su mam\u00e1&nbsp;<strong>Mar\u00eda Magdalena Goyechea y la Corte<\/strong>, una juje\u00f1a que se hab\u00eda casado quincea\u00f1era.<\/p>\n\n\n\n<p>Como los ni\u00f1os de familias acomodadas, tuvo su educaci\u00f3n formal pero adem\u00e1s se cri\u00f3 entre gauchos en las duras tareas rurales. A los 14 a\u00f1os, ingres\u00f3 como cadete a la Compa\u00f1\u00eda del tercer batall\u00f3n del Regimiento Fijo de Buenos Aires, que estaba destacado en Salta. Su regimiento hab\u00eda sido convocado cuando los brit\u00e1nicos se apoderaron de Buenos Aires en 1806.<\/p>\n\n\n\n<p>Donde est\u00e1 emplazada la Torre de los Ingleses, en Retiro, en la \u00e9poca de la colonia eso era r\u00edo. Durante la primera invasi\u00f3n inglesa, el buque de 26 ca\u00f1ones Justina se ocupaba de bombardear a la ciudad. El 12 de agosto de 1806 por la ma\u00f1ana,&nbsp;<strong>Santiago de Liniers<\/strong>&nbsp;orden\u00f3 neutralizarlo.<\/p>\n\n\n\n<p><img loading=\"lazy\" decoding=\"async\" alt=\"Los Infernales de G\u00fcemes, la temeraria tropa del salte\u00f1o que lo segu\u00eda a muerte, y que fue una verdadera pesadilla para los espa\u00f1oles\" height=\"900\" width=\"1200\" class=\"\" src=\"https:\/\/cloudfront-us-east-1.images.arcpublishing.com\/infobae\/VXHGY3PFHRFZXHD7PVFU55AOKA.jpg\" srcset=\"https:\/\/www.infobae.com\/new-resizer\/-D0Yu-CLsVVMiQWEmNq--14627Y=\/420x315\/filters:format(webp):quality(85)\/cloudfront-us-east-1.images.arcpublishing.com\/infobae\/VXHGY3PFHRFZXHD7PVFU55AOKA.jpg 420w,https:\/\/www.infobae.com\/new-resizer\/VKEf2oZUfWzInQY7M7bShfpTVTY=\/768x576\/filters:format(webp):quality(85)\/cloudfront-us-east-1.images.arcpublishing.com\/infobae\/VXHGY3PFHRFZXHD7PVFU55AOKA.jpg 768w,https:\/\/www.infobae.com\/new-resizer\/qcZB_YSpdY_bpKXOc9Fkol8V-XA=\/992x744\/filters:format(webp):quality(85)\/cloudfront-us-east-1.images.arcpublishing.com\/infobae\/VXHGY3PFHRFZXHD7PVFU55AOKA.jpg 992w,https:\/\/www.infobae.com\/new-resizer\/OmyT1O6BvgwSF6NkkpXQVZvtHrc=\/1200x900\/filters:format(webp):quality(85)\/cloudfront-us-east-1.images.arcpublishing.com\/infobae\/VXHGY3PFHRFZXHD7PVFU55AOKA.jpg 1200w,https:\/\/www.infobae.com\/new-resizer\/PplIduRV4peOh5C9zM9s_ABFiUQ=\/1440x1080\/filters:format(webp):quality(85)\/cloudfront-us-east-1.images.arcpublishing.com\/infobae\/VXHGY3PFHRFZXHD7PVFU55AOKA.jpg 1440w\">Los Infernales de G\u00fcemes, la temeraria tropa del salte\u00f1o que lo segu\u00eda a muerte, y que fue una verdadera pesadilla para los espa\u00f1oles<\/p>\n\n\n\n<p>Al mando de un pelot\u00f3n de H\u00fasares, G\u00fcemes, un joven de 21 a\u00f1os, lo oblig\u00f3 a rendirse, aprovechando que una bajante de las aguas lo manten\u00eda inmovilizado.&nbsp;<strong>Fue as\u00ed como un barco ingl\u00e9s fue tomado por un grupo de jinetes.<\/strong><\/p>\n\n\n\n<p>A comienzos de abril de 1808 solicit\u00f3 licencia y permiso para regresar a Salta al enterarse del fallecimiento de su padre. Adem\u00e1s, el clima h\u00famedo de Buenos Aires lo estaba enfermando. En la capital de virreinato har\u00eda amigos para toda la vida, como fue el caso de los Pueyrred\u00f3n.<\/p>\n\n\n\n<p>Cuando estall\u00f3 la Revoluci\u00f3n de Mayo, se movi\u00f3 para prepararle el terreno al ej\u00e9rcito que hab\u00eda salido de Buenos Aires hacia el norte. Le hab\u00edan dado la misi\u00f3n de patrullar la quebrada de Humahuaca. Como una suerte est\u00edmulo, fue ascendido a capit\u00e1n al considerarlo<strong>&nbsp;\u201cun oficial infatigable\u201d<\/strong>.<\/p>\n\n\n\n<p>Con su hermana Macacha ten\u00edan mucho en com\u00fan, y no s\u00f3lo por su v\u00ednculo familiar. Desde ni\u00f1os fueron amigos y compinches inseparables. Era dos a\u00f1os menor y con los a\u00f1os ella se transformar\u00eda en su mano derecha, en un ministro sin cartera cuando su hermano gobernador sal\u00eda de campa\u00f1a, y hasta mediadora de paz. El apodo puesto por la familia cuando era una criatura fue marca registrada en Salta y Jujuy. Lo cierto es que&nbsp;<strong>Magdalena D\u00e1masa G\u00fcemes<\/strong>&nbsp;\u2013<strong>Macacha<\/strong>&#8211; fue una mujer muy importante con la que cont\u00f3 el l\u00edder salte\u00f1o. Resulta imposible contar la vida de uno sin mencionar la del otro. Macacha nunca fue la sombra de su hermano, sino que trabaj\u00f3 a su par.<\/p>\n\n\n\n<p><img loading=\"lazy\" decoding=\"async\" alt=\"Macacha G\u00fcemes, la hermana del l\u00edder salte\u00f1o, fue una pieza clave en la vida pol\u00edtica y militar de su hermano\" height=\"432\" width=\"606\" class=\"\" src=\"https:\/\/cloudfront-us-east-1.images.arcpublishing.com\/infobae\/L7CIVR3LKRC4JO3FYTXVSWY5WE.png\" srcset=\"https:\/\/www.infobae.com\/new-resizer\/Saokgdc-dMOi4iymcBFLCWJ4A2c=\/420x315\/filters:format(webp):quality(85)\/cloudfront-us-east-1.images.arcpublishing.com\/infobae\/L7CIVR3LKRC4JO3FYTXVSWY5WE.png 420w,https:\/\/www.infobae.com\/new-resizer\/8v1uCwaZ71LycdtaA7lntJnrHCw=\/768x576\/filters:format(webp):quality(85)\/cloudfront-us-east-1.images.arcpublishing.com\/infobae\/L7CIVR3LKRC4JO3FYTXVSWY5WE.png 768w,https:\/\/www.infobae.com\/new-resizer\/TyxnrOkjM0Xh8bTWujBLquYvjFM=\/992x744\/filters:format(webp):quality(85)\/cloudfront-us-east-1.images.arcpublishing.com\/infobae\/L7CIVR3LKRC4JO3FYTXVSWY5WE.png 992w,https:\/\/www.infobae.com\/new-resizer\/eCy68Y5_-eOowBg-nx1BvlRr_QQ=\/1200x900\/filters:format(webp):quality(85)\/cloudfront-us-east-1.images.arcpublishing.com\/infobae\/L7CIVR3LKRC4JO3FYTXVSWY5WE.png 1200w,https:\/\/www.infobae.com\/new-resizer\/4Koc1FA-xJ3XgxebJWgrLqqEME0=\/1440x1080\/filters:format(webp):quality(85)\/cloudfront-us-east-1.images.arcpublishing.com\/infobae\/L7CIVR3LKRC4JO3FYTXVSWY5WE.png 1440w\">Macacha G\u00fcemes, la hermana del l\u00edder salte\u00f1o, fue una pieza clave en la vida pol\u00edtica y militar de su hermano<\/p>\n\n\n\n<p>G\u00fcemes tuvo un papel determinante en la victoria patriota en Suipacha, el 7 de noviembre de 1810, aunque curiosamente no fue mencionado en el parte de batalla, posiblemente por haber disentido con los jefes. \u00c9l hab\u00eda propuesto perseguir a los espa\u00f1oles y terminar de aniquilarlos, cosa que no se hizo.<\/p>\n\n\n\n<p>Fue por un esc\u00e1ndalo del que&nbsp;<strong>Manuel Belgrano<\/strong>&nbsp;se arrepentir\u00eda que&nbsp;<strong>fue separado del Ej\u00e9rcito del Norte en junio de 1812<\/strong>. Es que conviv\u00eda con una mujer casada y, aparentemente, viv\u00edan junto al esposo quien aseguraba que el salte\u00f1o lo hab\u00eda amenazado de muerte si denunciaba la situaci\u00f3n.<\/p>\n\n\n\n<p><strong>Acusado por Belgrano de llevar una vida licenciosa<\/strong>, fue enviado a Buenos Aires. Muchos se habr\u00edan lamentado que, con el salte\u00f1o al lado de Belgrano, posiblemente los resultados de Vilcapugio y Ayohuma hubiesen sido otros.<\/p>\n\n\n\n<p><img loading=\"lazy\" decoding=\"async\" alt=\"Carmen Puch, la esposa de G\u00fcemes, famosa por su belleza. Tuvieron tres hijos\" height=\"168\" width=\"146\" class=\"\" src=\"https:\/\/cloudfront-us-east-1.images.arcpublishing.com\/infobae\/G6RA7V33UJFLFOA6YB6A2HFVPQ.jpg\" srcset=\"https:\/\/www.infobae.com\/new-resizer\/Ag3aomcHLSG3s-ajGiaYmHNG6Vg=\/420x560\/filters:format(webp):quality(85)\/cloudfront-us-east-1.images.arcpublishing.com\/infobae\/G6RA7V33UJFLFOA6YB6A2HFVPQ.jpg 420w,https:\/\/www.infobae.com\/new-resizer\/wgFg2hnvqq8vuihgemIAKM67Y8k=\/768x1024\/filters:format(webp):quality(85)\/cloudfront-us-east-1.images.arcpublishing.com\/infobae\/G6RA7V33UJFLFOA6YB6A2HFVPQ.jpg 768w,https:\/\/www.infobae.com\/new-resizer\/6uYREGdax9gb_JYcxDP6jqMO-Us=\/992x1323\/filters:format(webp):quality(85)\/cloudfront-us-east-1.images.arcpublishing.com\/infobae\/G6RA7V33UJFLFOA6YB6A2HFVPQ.jpg 992w,https:\/\/www.infobae.com\/new-resizer\/su-zDtNMGWOpxiFXSWslcTttezs=\/1200x1600\/filters:format(webp):quality(85)\/cloudfront-us-east-1.images.arcpublishing.com\/infobae\/G6RA7V33UJFLFOA6YB6A2HFVPQ.jpg 1200w\">Carmen Puch, la esposa de G\u00fcemes, famosa por su belleza. Tuvieron tres hijos<\/p>\n\n\n\n<p>Pero esa suerte de destierro le vino bien: en la ciudad conoci\u00f3 a<strong>&nbsp;Jos\u00e9 de San Mart\u00edn<\/strong>, y ambos armaron una dupla perfecta. Tiempo despu\u00e9s Belgrano reflexion\u00f3, ya m\u00e1s sereno, y terminaron con G\u00fcemes como grandes amigos.<\/p>\n\n\n\n<p>El salte\u00f1o se reincorporar\u00eda al Ej\u00e9rcito del Norte cuando San Mart\u00edn se hizo cargo de su jefatura. El vencedor de San Lorenzo lo reconoci\u00f3 como un l\u00edder y lo puso a cargo de las avanzadas del R\u00edo Pasaje. El 29 de marzo de 1814 fue llamado \u201cbenem\u00e9rito\u201d por San Mart\u00edn cuando derrot\u00f3 a los realistas en la ciudad de Salta.&nbsp;<strong>\u201cLos gauchos de Salta, solos, est\u00e1n haciendo al enemigo una guerra de recursos terrible\u2026\u201d<\/strong>, escribi\u00f3 el Libertador.<\/p>\n\n\n\n<p>Para entonces, sus acciones en el norte hab\u00edan elevado la valoraci\u00f3n del t\u00e9rmino \u201cgaucho\u201d, que hasta entonces remit\u00eda a algo peyorativo. Tuvo a maltraer a los espa\u00f1oles comandados por<strong>&nbsp;Joaqu\u00edn de la Pezuela<\/strong>, a quienes atac\u00f3 en distintos puntos en las provincias de Salta y Jujuy. El Directorio lo ascendi\u00f3 a coronel graduado del Ej\u00e9rcito y jefe militar en Tucum\u00e1n y Tarija.<\/p>\n\n\n\n<p><img loading=\"lazy\" decoding=\"async\" alt=\"Una agon\u00eda de d\u00edas. Herido en la cadera, rechaz\u00f3 el ofrecimiento espa\u00f1ol de llevarle m\u00e9dicos y medicinas e hizo jurar a sus hombres que nunca bajasen los brazos en la lucha contra el enemigo\" height=\"585\" width=\"1024\" class=\"\" src=\"https:\/\/cloudfront-us-east-1.images.arcpublishing.com\/infobae\/OCHOZXRKVZGZDL5MA3UYER3TE4.jpg\" srcset=\"https:\/\/www.infobae.com\/new-resizer\/z5KNrpCxV13JQcwhtmq7HFumwbE=\/992x606\/filters:format(webp):quality(85)\/cloudfront-us-east-1.images.arcpublishing.com\/infobae\/OCHOZXRKVZGZDL5MA3UYER3TE4.jpg 992w\">Una agon\u00eda de d\u00edas. Herido en la cadera, rechaz\u00f3 el ofrecimiento espa\u00f1ol de llevarle m\u00e9dicos y medicinas e hizo jurar a sus hombres que nunca bajasen los brazos en la lucha contra el enemigo<\/p>\n\n\n\n<p>Al mando de sus gauchos, \u201clos infernales\u201d como se los conoc\u00eda, el 14 de abril de 1815 derrot\u00f3 a la vanguardia del ej\u00e9rcito enemigo en Puesto del Marqu\u00e9s. Tuvo serios enfrentamientos con&nbsp;<strong>Jos\u00e9 Rondeau<\/strong>, jefe del Ej\u00e9rcito del Norte, a ra\u00edz de los cuales G\u00fcemes se separ\u00f3 junto a sus gauchos y en Jujuy se apoder\u00f3 de valioso armamento. Rondeau lo declar\u00f3 traidor, pero los hechos se precipitaron vertiginosamente. El director&nbsp;<strong>Carlos Mar\u00eda de Alvear&nbsp;<\/strong>hab\u00eda ca\u00eddo por la sublevaci\u00f3n de Fontezuelas y G\u00fcemes ten\u00eda otros planes: derrocar al gobierno conservador de Salta. Para ello, contaba con la colaboraci\u00f3n de su hermano&nbsp;<strong>Juan Manuel<\/strong>, funcionario del cabildo local, que movi\u00f3 los hilos para que el 6 de Mayo de 1815 el cabildo local lo nombrase Gobernador de la Intendencia de Salta, un extenso territorio que abarcaba las actuales provincias de Salta y Jujuy, y Tarija. Cuando asumi\u00f3 como gobernador el 5 de mayo de 1815, su hermana se transform\u00f3 en una suerte de ministro sin cartera.<\/p>\n\n\n\n<p>La mujer hab\u00eda armado una red de espionaje, de la que interven\u00edan mendigos, lavanderas y vendedoras callejeras, que tomaban nota de los movimientos de tropas o enviaban mensajes a trav\u00e9s de buzones disimulados en huecos hechos en troncos de \u00e1rboles.&nbsp;<strong>De ella dependi\u00f3, adem\u00e1s del espionaje, la organizaci\u00f3n y la log\u00edstica, puestas al servicio de su hermano.<\/strong><\/p>\n\n\n\n<p>\u201cEra ambiciosa, intrigante y animosa dotada de garbo y hermosura\u201d, la describi\u00f3 el general<strong>&nbsp;Jos\u00e9 Mar\u00eda Paz<\/strong>. Era una mujer que, a pesar que ven\u00eda de una familia de buena posici\u00f3n social, supo hacerse querer por la gente m\u00e1s humilde.<\/p>\n\n\n\n<p><img loading=\"lazy\" decoding=\"async\" alt=\"Siempre alerta, tanto observando los movimientos de los espa\u00f1oles como cuidando de su relaci\u00f3n con los porte\u00f1os, recelosos de estar frente a otro Artigas\" height=\"1080\" width=\"1920\" class=\"\" src=\"https:\/\/cloudfront-us-east-1.images.arcpublishing.com\/infobae\/Q7PGCYGW75DDRA7EYQTYHDVTI4.jpg\" srcset=\"https:\/\/www.infobae.com\/new-resizer\/Gd4baRuVJZG77MZ0QAknhEtE3ME=\/420x236\/filters:format(webp):quality(85)\/cloudfront-us-east-1.images.arcpublishing.com\/infobae\/Q7PGCYGW75DDRA7EYQTYHDVTI4.jpg 420w,https:\/\/www.infobae.com\/new-resizer\/JSpwzw0glTcLQaxORDwAnp9vAN0=\/768x432\/filters:format(webp):quality(85)\/cloudfront-us-east-1.images.arcpublishing.com\/infobae\/Q7PGCYGW75DDRA7EYQTYHDVTI4.jpg 768w,https:\/\/www.infobae.com\/new-resizer\/vB2amA2Q8HYozlrNwNTyIPHd8W8=\/992x558\/filters:format(webp):quality(85)\/cloudfront-us-east-1.images.arcpublishing.com\/infobae\/Q7PGCYGW75DDRA7EYQTYHDVTI4.jpg 992w,https:\/\/www.infobae.com\/new-resizer\/kAi7R8ebIu79OKmq6zyl9nJQGTA=\/1200x675\/filters:format(webp):quality(85)\/cloudfront-us-east-1.images.arcpublishing.com\/infobae\/Q7PGCYGW75DDRA7EYQTYHDVTI4.jpg 1200w,https:\/\/www.infobae.com\/new-resizer\/01jZNMjGRQp79d9IO7saCrWZSqA=\/1440x810\/filters:format(webp):quality(85)\/cloudfront-us-east-1.images.arcpublishing.com\/infobae\/Q7PGCYGW75DDRA7EYQTYHDVTI4.jpg 1440w\">Siempre alerta, tanto observando los movimientos de los espa\u00f1oles como cuidando de su relaci\u00f3n con los porte\u00f1os, recelosos de estar frente a otro Artigas<\/p>\n\n\n\n<p>G\u00fcemes a\u00fan no se hab\u00eda casado. Le hab\u00edan presentado a&nbsp;<strong>Juana Manuela Saravia<\/strong>, hija de uno de sus mejores amigos, pero a la joven no le gust\u00f3 el salte\u00f1o. Fue su hermana quien le present\u00f3 a&nbsp;<strong>Mar\u00eda del Carmen Puch y Velarde<\/strong>, una chica de 18 a\u00f1os, rubia, de ojos azules, cuyo padre le consegu\u00eda los caballos a G\u00fcemes. Se casaron el 15 de julio en la Catedral de Salta y<strong>&nbsp;tuvieron tres hijos: Mart\u00edn (que llegar\u00eda a gobernador), Luis e Ignacio.<\/strong><\/p>\n\n\n\n<p>Vivi\u00f3 la guerra a la par de su marido; lo asisti\u00f3 y acompa\u00f1\u00f3 hasta que la llegada de los hijos se lo permitieron. Cambiaba regularmente de residencia, porque se rumoreaba de un plan espa\u00f1ol para secuestrarla y as\u00ed doblegar al ind\u00f3mito salte\u00f1o.<\/p>\n\n\n\n<p>Por su rebeld\u00eda, Rondeau lo declar\u00f3 reo de Estado y el cabildo de Jujuy desconoci\u00f3 su autoridad. Finalmente, el 22 de marzo de 1816, en la quinta de los Tejada entraron en razones y suscribieron lo que dio en llamarse el Pacto de los Cerrillos. En el acercamiento de las partes,Macacha tuvo un papel importante.<\/p>\n\n\n\n<p>Cuando San Mart\u00edn se enter\u00f3, escribi\u00f3:<strong>&nbsp;\u201cM\u00e1s que mil victorias he celebrado mil veces la feliz uni\u00f3n de G\u00fcemes con Rondeau\u201d<\/strong>. Tan satisfecho estaba el futuro Libertador, que hizo dar ca\u00f1onazos y replicar las campanas en Mendoza. Por esta labor, el decreto 308 de 2016<strong>&nbsp;la nombr\u00f3 a Macacha \u201cprimera mediadora de Salta\u201d<\/strong>.<\/p>\n\n\n\n<p>Para muchos, era llamada \u201cla madre del pobrer\u00edo\u201d.<\/p>\n\n\n\n<p>El salte\u00f1o apoy\u00f3 decididamente el Congreso que se reuni\u00f3 en Tucum\u00e1n en 1816.<strong>&nbsp;\u201c\u00bfCu\u00e1ndo llegar\u00e1 el d\u00eda en que veamos reunido nuestro Congreso compuesto de sabios y virtuosos que formen una Constituci\u00f3n libre, dicten sabias leyes y terminen con las diferencias de las provincias?\u201d<\/strong>, escribi\u00f3.<\/p>\n\n\n\n<p>El 28 de mayo de 1817, el Director Supremo Pueyrred\u00f3n le reconoci\u00f3 los excepcionales servicios prestados. Le envi\u00f3 una medalla de oro, le otorg\u00f3 una pensi\u00f3n vitalicia para su primer hijo, medallas de plata para sus jefes y escudos para sus soldados con la inscripci\u00f3n \u201cA los heroicos defensores de Salta\u201d.<\/p>\n\n\n\n<p><strong>Pero G\u00fcemes, m\u00e1s que reconocimientos, buscaba apoyo financiero<\/strong>. Esper\u00f3 infructuosamente, la ayuda que su amigo Pueyrred\u00f3n le hab\u00eda prometido para mantener un ej\u00e9rcito que ya superaban los 5000 hombres. El jefe salte\u00f1o segu\u00eda haciendo frente a los continuos intentos espa\u00f1oles por adentrarse en el territorio. Ya se hab\u00eda ganado el mote de&nbsp;<strong>\u201cintr\u00e9pido G\u00fcemes\u201d<\/strong>. En carta a Belgrano, le comentaba sobre los espa\u00f1oles, que&nbsp;<strong>\u201cmis guerrillas y avanzadas les siguen, persiguen y hostilizan con bizarr\u00eda y les aumenta el terror y espanto con que vergonzosamente huyen\u2026\u201d<\/strong>.<\/p>\n\n\n\n<p>Mientras luchaba contra las tropas de&nbsp;<strong>Juan Ram\u00edrez y Orozco<\/strong>, pidi\u00f3 ayuda a los gobernadores. El de C\u00f3rdoba, Bustos le mand\u00f3 500 hombres, pero G\u00fcemes le pidi\u00f3 tiempo, ya que no dispon\u00eda de recursos ni para alimentar a su propia tropa.<\/p>\n\n\n\n<p>En medio del an\u00e1rquico a\u00f1o 20, San Mart\u00edn lo design\u00f3 General en Jefe del Ej\u00e9rcito de Observaci\u00f3n sobre el Per\u00fa. El salte\u00f1o, preocupado por procurarse de fondos, hasta les hab\u00eda solicitado a las damas juje\u00f1as que colaborasen en la confecci\u00f3n de ropas para sus soldados. En esa tarea tambi\u00e9n colabor\u00f3 su hermana, quien convirti\u00f3 su casa en un taller, en la que viv\u00eda con su marido&nbsp;<strong>Rom\u00e1n Tejada S\u00e1nchez<\/strong>. Para Macacha, coser fue lo m\u00e1s simple que hizo, ya que particip\u00f3 en arriesgadas misiones de espionaje en favor de su hermano.<\/p>\n\n\n\n<p>No perd\u00eda de vista el panorama nacional, pero la disgregaci\u00f3n interna lo distra\u00eda de la tarea en la que estaba en plena sinton\u00eda con San Mart\u00edn. A la par que le propon\u00eda a Bustos celebrar un Congreso General para ordenar al pa\u00eds y coordinar las acciones militares, y terminar con los enfrentamientos entre las provincias, el 24 de mayo de 1821 miembros del Cabildo intentaron derrocarlo como gobernador pero, ante la aclamaci\u00f3n popular, los golpistas huyeron. Algunos no tuvieron ning\u00fan empacho en refugiarse en el cuartel general de los espa\u00f1oles.<\/p>\n\n\n\n<p>En toda historia, hay un traidor. Gracias a los datos provistos por el comerciante&nbsp;<strong>Mariano Ben\u00edtez<\/strong>, y que le fueron recompensados econ\u00f3micamente, el 7 de junio una partida espa\u00f1ola, al mando de&nbsp;<strong>Jos\u00e9 Mar\u00eda Vald\u00e9s<\/strong>, conocido como&nbsp;<strong>\u201cel barbarucho\u201d<\/strong>&nbsp;entr\u00f3 a la ciudad de Salta y bloque\u00f3 las salidas cercanas a la casa de Macacha, donde estaba G\u00fcemes con una peque\u00f1a escolta.<\/p>\n\n\n\n<p><img loading=\"lazy\" decoding=\"async\" alt=\"En el Pante\u00f3n de las Glorias del Norte est\u00e1n los restos de G\u00fcemes, de su esposa Carmen Puch, y los de Juan Antonio Alvarez de Arenales, Rudecindo Alvado, Mart\u00edn Silva de Gurruchaga, Jos\u00e9 Antonio Fern\u00e1ndez Cornejo y Facundo de Zuvir\u00eda. Tambi\u00e9n est\u00e1n las urnas con restos del soldado desconocido de las batallas de Salta, Florida, Suipacha y Sipe-Sipe\" height=\"5664\" width=\"4248\" class=\"\" src=\"https:\/\/cloudfront-us-east-1.images.arcpublishing.com\/infobae\/5WJGGOXXPJDLPGGXU6IA4JCS6I.jpg\" srcset=\"https:\/\/www.infobae.com\/new-resizer\/f9tAywynGE0mgVjcKdRW3zbqjA8=\/420x560\/filters:format(webp):quality(85)\/cloudfront-us-east-1.images.arcpublishing.com\/infobae\/5WJGGOXXPJDLPGGXU6IA4JCS6I.jpg 420w,https:\/\/www.infobae.com\/new-resizer\/DkLzThgzkND_kVN7ep1KzyyQbiM=\/768x1024\/filters:format(webp):quality(85)\/cloudfront-us-east-1.images.arcpublishing.com\/infobae\/5WJGGOXXPJDLPGGXU6IA4JCS6I.jpg 768w,https:\/\/www.infobae.com\/new-resizer\/Mk1MZ8v25E55ttVU6_0eMHX32_E=\/992x1323\/filters:format(webp):quality(85)\/cloudfront-us-east-1.images.arcpublishing.com\/infobae\/5WJGGOXXPJDLPGGXU6IA4JCS6I.jpg 992w,https:\/\/www.infobae.com\/new-resizer\/fCDggz7Pzj89Gl-VaVCSajAntF4=\/1200x1600\/filters:format(webp):quality(85)\/cloudfront-us-east-1.images.arcpublishing.com\/infobae\/5WJGGOXXPJDLPGGXU6IA4JCS6I.jpg 1200w\">En el Pante\u00f3n de las Glorias del Norte est\u00e1n los restos de G\u00fcemes, de su esposa Carmen Puch, y los de Juan Antonio Alvarez de Arenales, Rudecindo Alvado, Mart\u00edn Silva de Gurruchaga, Jos\u00e9 Antonio Fern\u00e1ndez Cornejo y Facundo de Zuvir\u00eda. Tambi\u00e9n est\u00e1n las urnas con restos del soldado desconocido de las batallas de Salta, Florida, Suipacha y Sipe-Sipe<\/p>\n\n\n\n<p>Consciente de la encerrona, era medianoche cuando sali\u00f3 por una puerta trasera, mont\u00f3 su caballo y salt\u00f3 un piquete enemigo, blandiendo su sable. Cuando atravesaba el segundo piquete, recibi\u00f3 un disparo en la cadera derecha, y el proyectil se le aloj\u00f3 en la ingle. Agoniz\u00f3 en la Ca\u00f1ada de La Horqueta.<\/p>\n\n\n\n<p>G\u00fcemes -que&nbsp;<strong>hab\u00eda logrado rechazar media docena de invasiones espa\u00f1olas<\/strong>&#8211; falleci\u00f3 el 17 de junio, dicen que en los brazos de sus hermana, y sus restos fueron enterrados en la capilla de El Chamical. Actualmente descansan en el pante\u00f3n de las Glorias del Norte, en la Catedral de Salta.<\/p>\n\n\n\n<p>La tradici\u00f3n popular cuenta que su esposa&nbsp;<strong>Carmen<\/strong>, al enterarse de la muerte de su marido, al que seguir\u00eda la de su enfermizo peque\u00f1o hijo Luis, se encerr\u00f3 en su habitaci\u00f3n, se cort\u00f3 sus cabellos y dej\u00f3 de comer. Ten\u00eda 25 a\u00f1os cuando el 3 de abril de 1822 falleci\u00f3 la esposa de aquel que, en soledad, fren\u00f3 una decena de incursiones realistas en el norte, cuando lo que estaba en juego era la libertad y la independencia.<\/p>\n","protected":false},"excerpt":{"rendered":"<p>Un 8 de febrero naci\u00f3 en Salta Mart\u00edn Miguel de G\u00fcemes, quien tuvo menuda tarea en el norte, cuando la guerra contra los espa\u00f1oles no se hab\u00eda definido. Junto a&hellip; <\/p>\n","protected":false},"author":1,"featured_media":38925,"comment_status":"closed","ping_status":"open","sticky":false,"template":"","format":"standard","meta":{"footnotes":""},"categories":[23],"tags":[],"class_list":["post-38922","post","type-post","status-publish","format-standard","has-post-thumbnail","hentry","category-actualidad"],"_links":{"self":[{"href":"https:\/\/corrientesdetarde.com\/index.php\/wp-json\/wp\/v2\/posts\/38922","targetHints":{"allow":["GET"]}}],"collection":[{"href":"https:\/\/corrientesdetarde.com\/index.php\/wp-json\/wp\/v2\/posts"}],"about":[{"href":"https:\/\/corrientesdetarde.com\/index.php\/wp-json\/wp\/v2\/types\/post"}],"author":[{"embeddable":true,"href":"https:\/\/corrientesdetarde.com\/index.php\/wp-json\/wp\/v2\/users\/1"}],"replies":[{"embeddable":true,"href":"https:\/\/corrientesdetarde.com\/index.php\/wp-json\/wp\/v2\/comments?post=38922"}],"version-history":[{"count":1,"href":"https:\/\/corrientesdetarde.com\/index.php\/wp-json\/wp\/v2\/posts\/38922\/revisions"}],"predecessor-version":[{"id":38924,"href":"https:\/\/corrientesdetarde.com\/index.php\/wp-json\/wp\/v2\/posts\/38922\/revisions\/38924"}],"wp:featuredmedia":[{"embeddable":true,"href":"https:\/\/corrientesdetarde.com\/index.php\/wp-json\/wp\/v2\/media\/38925"}],"wp:attachment":[{"href":"https:\/\/corrientesdetarde.com\/index.php\/wp-json\/wp\/v2\/media?parent=38922"}],"wp:term":[{"taxonomy":"category","embeddable":true,"href":"https:\/\/corrientesdetarde.com\/index.php\/wp-json\/wp\/v2\/categories?post=38922"},{"taxonomy":"post_tag","embeddable":true,"href":"https:\/\/corrientesdetarde.com\/index.php\/wp-json\/wp\/v2\/tags?post=38922"}],"curies":[{"name":"wp","href":"https:\/\/api.w.org\/{rel}","templated":true}]}}