{"id":38970,"date":"2023-02-08T16:31:51","date_gmt":"2023-02-08T19:31:51","guid":{"rendered":"https:\/\/corrientesdetarde.com\/?p=38970"},"modified":"2023-02-08T16:31:54","modified_gmt":"2023-02-08T19:31:54","slug":"de-wado-de-pedro-a-larroque-los-nombres-que-suenan-para-representar-al-kirchnerismo-en-la-mesa-del-fdt","status":"publish","type":"post","link":"https:\/\/corrientesdetarde.com\/index.php\/nacionales\/de-wado-de-pedro-a-larroque-los-nombres-que-suenan-para-representar-al-kirchnerismo-en-la-mesa-del-fdt\/","title":{"rendered":"De \u201cWado\u201d de Pedro a Larroque, los nombres que suenan para representar al kirchnerismo en la mesa del FDT"},"content":{"rendered":"\n<p>Dentro de La C\u00e1mpora debaten qu\u00e9 referentes defender\u00e1n las posturas y estrategias electorales ante el resto de la coalici\u00f3n. Ni Cristina ni M\u00e1ximo Kirchner participar\u00e1n del encuentro del pr\u00f3ximo 16 de febrero.<\/p>\n\n\n\n<p>A casi una semana del\u00a0<strong>primer encuentro<\/strong>\u00a0de la\u00a0mesa pol\u00edtica del Frente de Todos, el\u00a0Kirchnerismo debate internamente qu\u00e9 dirigente ir\u00e1 en representaci\u00f3n del espacio y cu\u00e1l ser\u00e1 la agenda pol\u00edtica que La C\u00e1mpora buscar\u00e1 imponer en ese debate.<\/p>\n\n\n\n<p>El c\u00f3nclave, convocado por Alberto Fern\u00e1ndez para el pr\u00f3ximo\u00a0<strong>jueves 16 de febrero<\/strong>\u00a0a las 19 en la sede del Partido Justicialista (PJ), contar\u00e1 con la presencia de los representantes de los distintos espacios pol\u00edticos de la coalici\u00f3n gobernante para \u201cdise\u00f1ar las\u00a0<strong>reglas electorales\u00a0<\/strong>del Frente y la\u00a0<strong>estrategia\u00a0<\/strong>a seguir con miras a las distintas elecciones de este a\u00f1o\u201d.<\/p>\n\n\n\n<p>Sin embargo, a\u00fan\u00a0<strong>no se sabe en concreto qui\u00e9nes ser\u00e1n los dirigentes<\/strong>\u00a0que participar\u00e1n. Una de las principales dudas est\u00e1 en el\u00a0<strong>kirchnerismo<\/strong>, un sector que desde hace semanas sube el tenor de las cr\u00edticas hacia el Presidente: piden tener m\u00e1s injerencia en las decisiones de Gobierno e intentan\u00a0<strong>bloquear el sue\u00f1o de reelecci\u00f3n<\/strong>\u00a0de Alberto Fern\u00e1ndez.<\/p>\n\n\n\n<figure class=\"wp-block-image size-large\"><img loading=\"lazy\" decoding=\"async\" width=\"1024\" height=\"573\" src=\"https:\/\/corrientesdetarde.com\/wp-content\/uploads\/2023\/02\/image-235-1024x573.png\" alt=\"\" class=\"wp-image-38971\" srcset=\"https:\/\/corrientesdetarde.com\/wp-content\/uploads\/2023\/02\/image-235-1024x573.png 1024w, https:\/\/corrientesdetarde.com\/wp-content\/uploads\/2023\/02\/image-235-300x168.png 300w, https:\/\/corrientesdetarde.com\/wp-content\/uploads\/2023\/02\/image-235-768x430.png 768w, https:\/\/corrientesdetarde.com\/wp-content\/uploads\/2023\/02\/image-235.png 1440w\" sizes=\"auto, (max-width: 1024px) 100vw, 1024px\" \/><\/figure>\n\n\n\n<p>Lo que es seguro es que al encuentro\u00a0<strong>no asistir\u00e1n ni Cristina ni M\u00e1ximo<\/strong>\u00a0<strong>Kirchner<\/strong>. La ausencia del l\u00edder de La C\u00e1mpora ya era un hecho: en las \u00faltimas dos entrevistas que brind\u00f3 dej\u00f3 en claro que no iba a formar parte de la mesa nacional.<\/p>\n\n\n\n<p>En este contexto gira en los pasillos del Senado y el Instituto Patria apellidos que podr\u00edan representar al espacio en la mesa pol\u00edtica. Seg\u00fan pudo saber&nbsp;<strong>TN<\/strong>, el o los enviados \u201cse definir\u00e1n en las pr\u00f3ximas horas\u201d. Puede ser un dirigente duro como&nbsp;<strong>Andr\u00e9s \u201cCuervo\u201d Larroque<\/strong>&nbsp;o el ministro del Interior,&nbsp;<strong>Eduardo \u201cWado\u201d de Pedro<\/strong>; o alg\u00fan dirigente m\u00e1s&nbsp;<strong>\u201cmoderado\u201d<\/strong>. Seg\u00fan pudo saber&nbsp;<strong>TN<\/strong>, tampoco se descarta que sea un representante bonaerense como la intendenta de Quilmes,&nbsp;<strong>Mayra Mendoza<\/strong>. La presencia del gobernador&nbsp;<strong>Axel Kicillof<\/strong>, en tanto, es todav\u00eda una inc\u00f3gnita.<\/p>\n\n\n\n<p>Adem\u00e1s de La C\u00e1mpora, en la mesa se sentar\u00e1n dirigentes ligados al&nbsp;<strong>\u201calbertismo\u201d<\/strong>, al&nbsp;<strong>Frente Renovador<\/strong>&nbsp;de Sergio Massa y dirigentes de los&nbsp;<strong>movimientos sociales<\/strong>&nbsp;y el&nbsp;<strong>sindicalismo<\/strong>, entre otros.<\/p>\n\n\n\n<p>Este medio pudo saber que estar\u00e1n presentes Daniel Men\u00e9ndez de Barrios de Pie, el Movimiento Evita -cuyo representante podr\u00eda ser Fernando \u201cChino\u201d Navarro- y Juan Carlos Alderete de la Corriente Clasista y Combativa (CCC).<\/p>\n\n\n\n<figure class=\"wp-block-image size-full\"><img loading=\"lazy\" decoding=\"async\" width=\"767\" height=\"431\" src=\"https:\/\/corrientesdetarde.com\/wp-content\/uploads\/2023\/02\/image-236.png\" alt=\"\" class=\"wp-image-38972\" srcset=\"https:\/\/corrientesdetarde.com\/wp-content\/uploads\/2023\/02\/image-236.png 767w, https:\/\/corrientesdetarde.com\/wp-content\/uploads\/2023\/02\/image-236-300x169.png 300w\" sizes=\"auto, (max-width: 767px) 100vw, 767px\" \/><\/figure>\n\n\n\n<p><\/p>\n","protected":false},"excerpt":{"rendered":"<p>Dentro de La C\u00e1mpora debaten qu\u00e9 referentes defender\u00e1n las posturas y estrategias electorales ante el resto de la coalici\u00f3n. Ni Cristina ni M\u00e1ximo Kirchner participar\u00e1n del encuentro del pr\u00f3ximo 16&hellip; <\/p>\n","protected":false},"author":8,"featured_media":38973,"comment_status":"closed","ping_status":"open","sticky":false,"template":"","format":"standard","meta":{"footnotes":""},"categories":[10],"tags":[],"class_list":["post-38970","post","type-post","status-publish","format-standard","has-post-thumbnail","hentry","category-nacionales"],"_links":{"self":[{"href":"https:\/\/corrientesdetarde.com\/index.php\/wp-json\/wp\/v2\/posts\/38970","targetHints":{"allow":["GET"]}}],"collection":[{"href":"https:\/\/corrientesdetarde.com\/index.php\/wp-json\/wp\/v2\/posts"}],"about":[{"href":"https:\/\/corrientesdetarde.com\/index.php\/wp-json\/wp\/v2\/types\/post"}],"author":[{"embeddable":true,"href":"https:\/\/corrientesdetarde.com\/index.php\/wp-json\/wp\/v2\/users\/8"}],"replies":[{"embeddable":true,"href":"https:\/\/corrientesdetarde.com\/index.php\/wp-json\/wp\/v2\/comments?post=38970"}],"version-history":[{"count":1,"href":"https:\/\/corrientesdetarde.com\/index.php\/wp-json\/wp\/v2\/posts\/38970\/revisions"}],"predecessor-version":[{"id":38974,"href":"https:\/\/corrientesdetarde.com\/index.php\/wp-json\/wp\/v2\/posts\/38970\/revisions\/38974"}],"wp:featuredmedia":[{"embeddable":true,"href":"https:\/\/corrientesdetarde.com\/index.php\/wp-json\/wp\/v2\/media\/38973"}],"wp:attachment":[{"href":"https:\/\/corrientesdetarde.com\/index.php\/wp-json\/wp\/v2\/media?parent=38970"}],"wp:term":[{"taxonomy":"category","embeddable":true,"href":"https:\/\/corrientesdetarde.com\/index.php\/wp-json\/wp\/v2\/categories?post=38970"},{"taxonomy":"post_tag","embeddable":true,"href":"https:\/\/corrientesdetarde.com\/index.php\/wp-json\/wp\/v2\/tags?post=38970"}],"curies":[{"name":"wp","href":"https:\/\/api.w.org\/{rel}","templated":true}]}}