{"id":38975,"date":"2023-02-08T16:34:53","date_gmt":"2023-02-08T19:34:53","guid":{"rendered":"https:\/\/corrientesdetarde.com\/?p=38975"},"modified":"2023-02-08T16:34:58","modified_gmt":"2023-02-08T19:34:58","slug":"lionel-messi-usara-la-camiseta-10-del-psg-en-el-clasico-frente-al-olympique-de-marsella","status":"publish","type":"post","link":"https:\/\/corrientesdetarde.com\/index.php\/deportes\/lionel-messi-usara-la-camiseta-10-del-psg-en-el-clasico-frente-al-olympique-de-marsella\/","title":{"rendered":"Lionel Messi usar\u00e1 la camiseta 10 del PSG en el cl\u00e1sico frente al Olympique de Marsella"},"content":{"rendered":"\n<p>La reglamentaci\u00f3n de la Copa de Francia obliga a los equipos que los titulares lleven las dorsales del 1 al 11 mientras que los suplentes, del 12 al 18<\/p>\n\n\n\n<p>Este mi\u00e9rcoles las miradas del f\u00fatbol europeo estar\u00e1n concentradas en el cl\u00e1sico que protagonizar\u00e1n el\u00a0<strong>Par\u00eds Saint Germain\u00a0<\/strong>y el\u00a0<strong>Olympique de Marsella<\/strong>\u00a0por los octavos de final de la\u00a0<strong>Copa de Francia<\/strong>. Con\u00a0<strong>Kylian Mbapp\u00e9<\/strong>\u00a0entre los lesionados,\u00a0<strong>Lionel Messi<\/strong>\u00a0y\u00a0<strong>Neymar\u00a0<\/strong>tendr\u00e1n la dif\u00edcil tarea de derrotar al conjunto celeste en busca de un lugar entre los mejores ocho equipos del certamen con la particularidad de que<strong>\u00a0la distribuci\u00f3n de los n\u00fameros de las camisetas es distinta<\/strong>\u00a0a como acostumbra el resto de las competencias.<\/p>\n\n\n\n<p>En esta ocasi\u00f3n<strong>&nbsp;Lionel Messi usar\u00e1 la dorsal 10, mientras que el brasile\u00f1o lucir\u00e1 la 11.<\/strong>&nbsp;Cabe recordar que durante el ciclo de la&nbsp;<em>Pulga&nbsp;<\/em>en el cuadro de la capitalutiliz\u00f3 la dorsal 30 durante todos los partidos excepto en una oportunidad, justamente en la Copa de Francia de la temporada pasada.<\/p>\n\n\n\n<p>Es que en este torneo<strong>\u00a0la numeraci\u00f3n va del 1 al 11 para los titulares y del 12 al 18 para los suplentes<\/strong>, sin excepci\u00f3n. El 31 de enero de 2022 frente al\u00a0<strong>Niza\u00a0<\/strong>tambi\u00e9n por los octavos de final, el astro brasile\u00f1o se estaba recuperando de una dolencia y el argentino aprovech\u00f3 para tomar prestado la m\u00edtica cifra durante dicho duelo. Ese mismo d\u00eda, Kylian Mbapp\u00e9 ingres\u00f3 desde el banco de suplentes y\u00a0<strong>justamente esa fue la raz\u00f3n por la cual no luci\u00f3 el 7 en su espalda<\/strong>: tuvo que seleccionar el 17 mientras que su dorsal la cedi\u00f3 a\u00a0<strong>Ander Herrera<\/strong>. La situaci\u00f3n no se volvi\u00f3 a repetir ya que el PSG qued\u00f3 eliminado en la definici\u00f3n por penales luego de igualar 0-0 en los 90 minutos.<\/p>\n\n\n\n<figure class=\"wp-block-image size-full\"><img loading=\"lazy\" decoding=\"async\" width=\"768\" height=\"576\" src=\"https:\/\/corrientesdetarde.com\/wp-content\/uploads\/2023\/02\/image-237.png\" alt=\"\" class=\"wp-image-38976\" srcset=\"https:\/\/corrientesdetarde.com\/wp-content\/uploads\/2023\/02\/image-237.png 768w, https:\/\/corrientesdetarde.com\/wp-content\/uploads\/2023\/02\/image-237-300x225.png 300w\" sizes=\"auto, (max-width: 768px) 100vw, 768px\" \/><\/figure>\n\n\n\n<p>De cara al choque frente al Olympique de Marsella\u00a0<strong>Lionel vuelva a portar la 10<\/strong>. A diferencia de aquella ocasi\u00f3n contra el Niza, Neymar est\u00e1 disponible para jugar y es el due\u00f1o de dicha dorsal en todas las competencias. El brasile\u00f1o se ausent\u00f3 en los partidos de<em>\u00a0Ligue 1\u00a0<\/em>contra el\u00a0<strong>Stade de Reims<\/strong>\u00a0y\u00a0<strong>Toulouse\u00a0<\/strong>para regresar en \u00f3ptimas condiciones a la lista de convocados y quedar\u00e1 en manos de\u00a0<strong>Christophe Galtier\u00a0<\/strong>en si lo pone desde el inicio o lo hace esperar entre los suplentes.<\/p>\n\n\n\n<p>Luego del cl\u00e1sico, el PSG chocar\u00e1 con el\u00a0<strong>M\u00f3naco\u00a0<\/strong>el 11 de febrero por el campeonato local y despu\u00e9s enfrentar\u00e1 al\u00a0<strong>Bayern M\u00fanich\u00a0<\/strong>el mi\u00e9rcoles 14 por la ida de los octavos de final de la Champions League.<\/p>\n\n\n\n<figure class=\"wp-block-image size-full\"><img loading=\"lazy\" decoding=\"async\" width=\"768\" height=\"512\" src=\"https:\/\/corrientesdetarde.com\/wp-content\/uploads\/2023\/02\/image-238.png\" alt=\"\" class=\"wp-image-38977\" srcset=\"https:\/\/corrientesdetarde.com\/wp-content\/uploads\/2023\/02\/image-238.png 768w, https:\/\/corrientesdetarde.com\/wp-content\/uploads\/2023\/02\/image-238-300x200.png 300w, https:\/\/corrientesdetarde.com\/wp-content\/uploads\/2023\/02\/image-238-272x182.png 272w\" sizes=\"auto, (max-width: 768px) 100vw, 768px\" \/><\/figure>\n","protected":false},"excerpt":{"rendered":"<p>La reglamentaci\u00f3n de la Copa de Francia obliga a los equipos que los titulares lleven las dorsales del 1 al 11 mientras que los suplentes, del 12 al 18 Este&hellip; <\/p>\n","protected":false},"author":8,"featured_media":38978,"comment_status":"closed","ping_status":"open","sticky":false,"template":"","format":"standard","meta":{"footnotes":""},"categories":[4],"tags":[],"class_list":["post-38975","post","type-post","status-publish","format-standard","has-post-thumbnail","hentry","category-deportes"],"_links":{"self":[{"href":"https:\/\/corrientesdetarde.com\/index.php\/wp-json\/wp\/v2\/posts\/38975","targetHints":{"allow":["GET"]}}],"collection":[{"href":"https:\/\/corrientesdetarde.com\/index.php\/wp-json\/wp\/v2\/posts"}],"about":[{"href":"https:\/\/corrientesdetarde.com\/index.php\/wp-json\/wp\/v2\/types\/post"}],"author":[{"embeddable":true,"href":"https:\/\/corrientesdetarde.com\/index.php\/wp-json\/wp\/v2\/users\/8"}],"replies":[{"embeddable":true,"href":"https:\/\/corrientesdetarde.com\/index.php\/wp-json\/wp\/v2\/comments?post=38975"}],"version-history":[{"count":1,"href":"https:\/\/corrientesdetarde.com\/index.php\/wp-json\/wp\/v2\/posts\/38975\/revisions"}],"predecessor-version":[{"id":38979,"href":"https:\/\/corrientesdetarde.com\/index.php\/wp-json\/wp\/v2\/posts\/38975\/revisions\/38979"}],"wp:featuredmedia":[{"embeddable":true,"href":"https:\/\/corrientesdetarde.com\/index.php\/wp-json\/wp\/v2\/media\/38978"}],"wp:attachment":[{"href":"https:\/\/corrientesdetarde.com\/index.php\/wp-json\/wp\/v2\/media?parent=38975"}],"wp:term":[{"taxonomy":"category","embeddable":true,"href":"https:\/\/corrientesdetarde.com\/index.php\/wp-json\/wp\/v2\/categories?post=38975"},{"taxonomy":"post_tag","embeddable":true,"href":"https:\/\/corrientesdetarde.com\/index.php\/wp-json\/wp\/v2\/tags?post=38975"}],"curies":[{"name":"wp","href":"https:\/\/api.w.org\/{rel}","templated":true}]}}