{"id":39028,"date":"2023-02-08T21:20:37","date_gmt":"2023-02-09T00:20:37","guid":{"rendered":"https:\/\/corrientesdetarde.com\/?p=39028"},"modified":"2023-02-08T23:17:49","modified_gmt":"2023-02-09T02:17:49","slug":"mataron-de-un-tiro-a-una-nena-de-4-anos-que-quedo-en-medio-de-una-balacera","status":"publish","type":"post","link":"https:\/\/corrientesdetarde.com\/index.php\/crimen-y-justicia\/mataron-de-un-tiro-a-una-nena-de-4-anos-que-quedo-en-medio-de-una-balacera\/","title":{"rendered":"Mataron de un tiro a una nena de 4 a\u00f1os que qued\u00f3 en medio de una balacera"},"content":{"rendered":"\n<p>Fuentes policiales informaron este mi\u00e9rcoles que una ni\u00f1a de 4 a\u00f1os, identificada como Nayla, fue asesinada de un tiro en el pecho despu\u00e9s de haber quedado en medio de una balacera donde hubo al menos 32 disparos. El hecho sucedi\u00f3 en el Barrio 1-11-14 del Bajo Flores porte\u00f1o y una joven de 19 a\u00f1os tambi\u00e9n result\u00f3 herida en una pierna.<\/p>\n\n\n\n<p>&nbsp;El lamentable suceso ocurri\u00f3 alrededor de las 22 horas del martes 7 de febrero en el cruce de la calle Bonorino y Calle 10, donde, seg\u00fan los testigos, desde un autom\u00f3vil Renault 19 color gris se efectuaron varios disparos a ocasionales transe\u00fantes.<\/p>\n\n\n\n<p>Seg\u00fan las fuentes del caso, fue el personal de Gendarmer\u00eda Nacional apostado en la zona quien emiti\u00f3 un alerta ante el ataque a balazos y le inform\u00f3 a la Polic\u00eda de la Ciudad que el autom\u00f3vil de los tiradores hab\u00eda huido en direcci\u00f3n al vecino Barrio Presidente Illia.<\/p>\n\n\n\n<p>En tanto, el personal policial que se encontraba trabajando en el Hospital Pi\u00f1ero report\u00f3 que al centro de salud ingresaron dos personas baleadas provenientes de la zona del ataque: la primera fue una joven de 19 a\u00f1os con una herida de bala, con entrada y salida, en una de sus piernas y sin riesgo de vida. La segunda fue Nayla, una ni\u00f1a de 4 a\u00f1os que lleg\u00f3 con un disparo en la regi\u00f3n del t\u00f3rax y m\u00e1s tarde falleci\u00f3 por la gravedad de la herida.<\/p>\n\n\n\n<p>Del mismo modo, ingres\u00f3 tambi\u00e9n una persona mayor de edad con una herida aparentemente de bala en la mano derecha, sin embargo, se estableci\u00f3 que proven\u00eda del Barrio Cild\u00e1\u00f1ez y no guardaba relaci\u00f3n con el hecho del Barrio 1.11.14, tambi\u00e9n conocido como Barrio Padre Rodolfo Ricciardelli.<\/p>\n\n\n\n<p>En la zona donde se ejecutaron los disparos, los peritos recolectaron un total de 32 vainas servidas de calibre 9 mil\u00edmetros.<\/p>\n\n\n\n<p><strong>El dolor del padre de Nayla<\/strong><\/p>\n\n\n\n<p>El padre de Nayla, la nena asesinada en el Barrio 1-11-14, habl\u00f3 con TN. Seg\u00fan cont\u00f3, el d\u00eda del hecho la peque\u00f1a hab\u00eda salido a la vereda a jugar con sus hermanos.<\/p>\n\n\n\n<p>En este sentido, el hombre explic\u00f3 que \u00e9l mismo hab\u00eda autorizado a los chicos, pero que se preocup\u00f3 cuando escuch\u00f3 las detonaciones.<\/p>\n\n\n\n<p>&#8220;De repente veo a mi mujer corriendo de un lado para el otro, en medio de los tiros. Mi nena estaba agonizando en uno de los pasillos, con el t\u00f3rax perforado por una bala&#8221;, dijo, angustiado, y le pidi\u00f3 al Estado que intervenga en la zona, ya que, seg\u00fan \u00e9l, estos enfrentamientos son cosa de todos los d\u00edas.<\/p>\n\n\n\n<p>Adem\u00e1s, el hombre cont\u00f3 que cuando se dieron cuenta de que la nena estaba herida, r\u00e1pidamente la llevaron al hospital pero, desafortunadamente, falleci\u00f3 a los pocos minutos producto de las graves heridas.<\/p>\n\n\n\n<p>&#8220;Es lo peor que le puede pasar a un padre&#8221;, asegur\u00f3 el hombre. Tambi\u00e9n pidi\u00f3 encarecidamente que se aceleren los tr\u00e1mites para poder velarla en familia y que la Justicia abra una investigaci\u00f3n para poder llegar a dar con las personas que asesinaron a la nena a sangre fr\u00eda.<\/p>\n","protected":false},"excerpt":{"rendered":"<p>Fuentes policiales informaron este mi\u00e9rcoles que una ni\u00f1a de 4 a\u00f1os, identificada como Nayla, fue asesinada de un tiro en el pecho despu\u00e9s de haber quedado en medio de una&hellip; <\/p>\n","protected":false},"author":1,"featured_media":39029,"comment_status":"closed","ping_status":"open","sticky":false,"template":"","format":"standard","meta":{"footnotes":""},"categories":[5],"tags":[],"class_list":["post-39028","post","type-post","status-publish","format-standard","has-post-thumbnail","hentry","category-crimen-y-justicia"],"_links":{"self":[{"href":"https:\/\/corrientesdetarde.com\/index.php\/wp-json\/wp\/v2\/posts\/39028","targetHints":{"allow":["GET"]}}],"collection":[{"href":"https:\/\/corrientesdetarde.com\/index.php\/wp-json\/wp\/v2\/posts"}],"about":[{"href":"https:\/\/corrientesdetarde.com\/index.php\/wp-json\/wp\/v2\/types\/post"}],"author":[{"embeddable":true,"href":"https:\/\/corrientesdetarde.com\/index.php\/wp-json\/wp\/v2\/users\/1"}],"replies":[{"embeddable":true,"href":"https:\/\/corrientesdetarde.com\/index.php\/wp-json\/wp\/v2\/comments?post=39028"}],"version-history":[{"count":1,"href":"https:\/\/corrientesdetarde.com\/index.php\/wp-json\/wp\/v2\/posts\/39028\/revisions"}],"predecessor-version":[{"id":39030,"href":"https:\/\/corrientesdetarde.com\/index.php\/wp-json\/wp\/v2\/posts\/39028\/revisions\/39030"}],"wp:featuredmedia":[{"embeddable":true,"href":"https:\/\/corrientesdetarde.com\/index.php\/wp-json\/wp\/v2\/media\/39029"}],"wp:attachment":[{"href":"https:\/\/corrientesdetarde.com\/index.php\/wp-json\/wp\/v2\/media?parent=39028"}],"wp:term":[{"taxonomy":"category","embeddable":true,"href":"https:\/\/corrientesdetarde.com\/index.php\/wp-json\/wp\/v2\/categories?post=39028"},{"taxonomy":"post_tag","embeddable":true,"href":"https:\/\/corrientesdetarde.com\/index.php\/wp-json\/wp\/v2\/tags?post=39028"}],"curies":[{"name":"wp","href":"https:\/\/api.w.org\/{rel}","templated":true}]}}