{"id":39037,"date":"2023-02-08T22:26:26","date_gmt":"2023-02-09T01:26:26","guid":{"rendered":"https:\/\/corrientesdetarde.com\/?p=39037"},"modified":"2023-02-08T22:26:29","modified_gmt":"2023-02-09T01:26:29","slug":"intensa-busqueda-de-un-joven-que-desaparecio-en-corrientes","status":"publish","type":"post","link":"https:\/\/corrientesdetarde.com\/index.php\/sociales\/intensa-busqueda-de-un-joven-que-desaparecio-en-corrientes\/","title":{"rendered":"Intensa b\u00fasqueda de un joven que desapareci\u00f3 en Corrientes"},"content":{"rendered":"\n<p>El mismo, no habr\u00eda regresado a su hogar desde el pasado 06 de febrero de 2023 y hasta el momento de la confecci\u00f3n de esta gacetilla, no se tiene novedades &nbsp;sobre su actual paradero.<\/p>\n\n\n\n<p>&nbsp;Sus caracter\u00edsticas f\u00edsicas son las siguientes: contextura delgada, tez blanca, cabellos cortos de aproximadamente, 1,70 mts de estatura.<\/p>\n\n\n\n<p>Al momento de su ausencia vest\u00eda: bermudas azules, remera mangas cortas.&nbsp;<\/p>\n\n\n\n<p>Ante cualquier informaci\u00f3n comunicarse al tel\u00e9fono n\u00famero 4-423947; a la Dependencia Policial m\u00e1s cercana a su domicilio y\/o comunicarse al n\u00famero telef\u00f3nico gratuito de emergencia policial: 911 en la Capital y 101 en el Interior Provincial.&nbsp;<\/p>\n","protected":false},"excerpt":{"rendered":"<p>El mismo, no habr\u00eda regresado a su hogar desde el pasado 06 de febrero de 2023 y hasta el momento de la confecci\u00f3n de esta gacetilla, no se tiene novedades&hellip; <\/p>\n","protected":false},"author":1,"featured_media":39044,"comment_status":"closed","ping_status":"open","sticky":false,"template":"","format":"standard","meta":{"footnotes":""},"categories":[17],"tags":[],"class_list":["post-39037","post","type-post","status-publish","format-standard","has-post-thumbnail","hentry","category-sociales"],"_links":{"self":[{"href":"https:\/\/corrientesdetarde.com\/index.php\/wp-json\/wp\/v2\/posts\/39037","targetHints":{"allow":["GET"]}}],"collection":[{"href":"https:\/\/corrientesdetarde.com\/index.php\/wp-json\/wp\/v2\/posts"}],"about":[{"href":"https:\/\/corrientesdetarde.com\/index.php\/wp-json\/wp\/v2\/types\/post"}],"author":[{"embeddable":true,"href":"https:\/\/corrientesdetarde.com\/index.php\/wp-json\/wp\/v2\/users\/1"}],"replies":[{"embeddable":true,"href":"https:\/\/corrientesdetarde.com\/index.php\/wp-json\/wp\/v2\/comments?post=39037"}],"version-history":[{"count":1,"href":"https:\/\/corrientesdetarde.com\/index.php\/wp-json\/wp\/v2\/posts\/39037\/revisions"}],"predecessor-version":[{"id":39045,"href":"https:\/\/corrientesdetarde.com\/index.php\/wp-json\/wp\/v2\/posts\/39037\/revisions\/39045"}],"wp:featuredmedia":[{"embeddable":true,"href":"https:\/\/corrientesdetarde.com\/index.php\/wp-json\/wp\/v2\/media\/39044"}],"wp:attachment":[{"href":"https:\/\/corrientesdetarde.com\/index.php\/wp-json\/wp\/v2\/media?parent=39037"}],"wp:term":[{"taxonomy":"category","embeddable":true,"href":"https:\/\/corrientesdetarde.com\/index.php\/wp-json\/wp\/v2\/categories?post=39037"},{"taxonomy":"post_tag","embeddable":true,"href":"https:\/\/corrientesdetarde.com\/index.php\/wp-json\/wp\/v2\/tags?post=39037"}],"curies":[{"name":"wp","href":"https:\/\/api.w.org\/{rel}","templated":true}]}}