{"id":39048,"date":"2023-02-08T23:53:16","date_gmt":"2023-02-09T02:53:16","guid":{"rendered":"https:\/\/corrientesdetarde.com\/?p=39048"},"modified":"2023-02-08T23:53:20","modified_gmt":"2023-02-09T02:53:20","slug":"detuvieron-a-cinco-jovenes-acusados-de-haber-golpeado-con-una-botella-a-un-chico","status":"publish","type":"post","link":"https:\/\/corrientesdetarde.com\/index.php\/sociales\/detuvieron-a-cinco-jovenes-acusados-de-haber-golpeado-con-una-botella-a-un-chico\/","title":{"rendered":"Detuvieron a cinco j\u00f3venes acusados de haber golpeado con una botella a un chico"},"content":{"rendered":"\n<p>Los cinco j\u00f3venes acusados de haber golpeado con una botella al adolescente Lautaro C\u00e1rdenas en Lomas de Zamora fueron detenidos hoy, seg\u00fan informaron fuentes policiales. Se trata de dos menores de edad y tres adultos de entre 18 y 20 a\u00f1os.<\/p>\n\n\n\n<p>&nbsp;<br>Los agresores fueron aprehendidos tras una orden de allanamiento del fiscal Marcelo Dom\u00ednguez, a cargo de la Unidad Funcional de Instrucci\u00f3n (UFI) 5 de Lomas de Zamora, en la localidad de Villa Centenario, al sur del conurbano bonaerense.<\/p>\n\n\n\n<p>Los sospechosos fueron identificados como Nicol\u00e1s Capristo (18), Diego Alejandro Silva (18) y Walter Romero (20), y dos menores de edad de 17 a\u00f1os cuya identidad no fue revelada. El sexto involucrado se encuentra pr\u00f3fugo, de acuerdo con lo informado por las autoridades.<\/p>\n\n\n\n<p>Los detenidos fueron acusados de dejar en coma farmacol\u00f3gico a Lautaro C\u00e1rdenas, de 16 a\u00f1os, tras golpearlo en la cabeza con una botella para robarle. El hecho ocurri\u00f3 el domingo en la madrugada, cuando el adolescente y sus amigos volv\u00edan a sus casas despu\u00e9s de una fiesta en Lomas de Zamora.<\/p>\n\n\n\n<p>Los chicos se cruzaron con los agresores entre las calles Guidi de Franc y Zamora, de Villa Centenario. Los acusados iban en dos veh\u00edculos, un Volkswagen Bora gris y un New Beatle amarillo, preguntaron por la direcci\u00f3n de una panader\u00eda y, de repente, se bajaron para agredir al grupo.<\/p>\n\n\n\n<p>Primero atacaron a Gonzalo Aranda y le quitaron sus pertenencias. Cuando Lautaro intent\u00f3 defender a su amigo, uno de los agresores le dio tres golpes en la cabeza con una botella de vodka. Despu\u00e9s de eso, Lautaro llam\u00f3 a su hermano, Alan, para contarle que los hab\u00edan robado y le pidi\u00f3 que los socorriera.<\/p>\n\n\n\n<p>La bronca de Alan, el hermano de la v\u00edctima: &#8220;Lo atacaron vecinos de la zona&#8221;<\/p>\n\n\n\n<p>&#8220;\u00c9l no ten\u00eda ning\u00fan da\u00f1o f\u00edsico, as\u00ed que nos fuimos a dormir&#8221;, cont\u00f3 Alan en di\u00e1logo con TN el martes. &#8220;Cuando se despierta para orinar, orinaba en cualquier lado, perd\u00eda el conocimiento, le hac\u00eda preguntas y nada&#8221;, coment\u00f3 apenado.<\/p>\n\n\n\n<p>Preocupados, los familiares del adolescente lo llevaron a la cl\u00ednica de Lomas de Zamora, donde le hicieron una tomograf\u00eda y le detectaron sangre en la cabeza. &#8220;El m\u00e9dico me dijo que ten\u00eda un hematoma epidural, que estaba muy grave. Me dijo \u2018en dos horas tendr\u00eda que estar muerto\u2019&#8221;, detall\u00f3 el hermano.<\/p>\n\n\n\n<p>Ante el complejo cuadro, el joven fue trasladado a la Cl\u00ednica La Sagrada Familia, en Belgrano, donde lo operaron de emergencia. La tarde del martes, cuando Alan declar\u00f3 para este medio, confirm\u00f3 que pudo verlo y que estaba despierto. &#8220;Lo encontr\u00e9 l\u00facido, porque le hice varias preguntas y me pudo contestar, pero est\u00e1 todo entubado&#8221;, sum\u00f3.<\/p>\n\n\n\n<p>Los m\u00e9dicos informaron que el joven est\u00e1 evolucionando. &#8220;Esta ma\u00f1ana me llam\u00f3 el cirujano y me dijo que se encuentra estable, ya no est\u00e1 entubado y est\u00e1 hablando. Sigue con riesgo de vida y en terapia intensiva, pero mejorando&#8221;, confirm\u00f3 Alan a T\u00e9lam este mi\u00e9rcoles.<\/p>\n\n\n\n<p>La causa fue derivada al Fuero de Responsabilidad Penal Juvenil de Lomas de Zamora al estar involucrados dos menores de edad en el ataque. El Volkswagen New Beatle color amarillo que se utiliz\u00f3 en el hecho fue incautado y ser\u00e1 peritado en las pr\u00f3ximas horas, completaron las fuentes.<\/p>\n","protected":false},"excerpt":{"rendered":"<p>Los cinco j\u00f3venes acusados de haber golpeado con una botella al adolescente Lautaro C\u00e1rdenas en Lomas de Zamora fueron detenidos hoy, seg\u00fan informaron fuentes policiales. Se trata de dos menores&hellip; <\/p>\n","protected":false},"author":1,"featured_media":39066,"comment_status":"closed","ping_status":"open","sticky":false,"template":"","format":"standard","meta":{"footnotes":""},"categories":[17],"tags":[],"class_list":["post-39048","post","type-post","status-publish","format-standard","has-post-thumbnail","hentry","category-sociales"],"_links":{"self":[{"href":"https:\/\/corrientesdetarde.com\/index.php\/wp-json\/wp\/v2\/posts\/39048","targetHints":{"allow":["GET"]}}],"collection":[{"href":"https:\/\/corrientesdetarde.com\/index.php\/wp-json\/wp\/v2\/posts"}],"about":[{"href":"https:\/\/corrientesdetarde.com\/index.php\/wp-json\/wp\/v2\/types\/post"}],"author":[{"embeddable":true,"href":"https:\/\/corrientesdetarde.com\/index.php\/wp-json\/wp\/v2\/users\/1"}],"replies":[{"embeddable":true,"href":"https:\/\/corrientesdetarde.com\/index.php\/wp-json\/wp\/v2\/comments?post=39048"}],"version-history":[{"count":1,"href":"https:\/\/corrientesdetarde.com\/index.php\/wp-json\/wp\/v2\/posts\/39048\/revisions"}],"predecessor-version":[{"id":39068,"href":"https:\/\/corrientesdetarde.com\/index.php\/wp-json\/wp\/v2\/posts\/39048\/revisions\/39068"}],"wp:featuredmedia":[{"embeddable":true,"href":"https:\/\/corrientesdetarde.com\/index.php\/wp-json\/wp\/v2\/media\/39066"}],"wp:attachment":[{"href":"https:\/\/corrientesdetarde.com\/index.php\/wp-json\/wp\/v2\/media?parent=39048"}],"wp:term":[{"taxonomy":"category","embeddable":true,"href":"https:\/\/corrientesdetarde.com\/index.php\/wp-json\/wp\/v2\/categories?post=39048"},{"taxonomy":"post_tag","embeddable":true,"href":"https:\/\/corrientesdetarde.com\/index.php\/wp-json\/wp\/v2\/tags?post=39048"}],"curies":[{"name":"wp","href":"https:\/\/api.w.org\/{rel}","templated":true}]}}