{"id":39049,"date":"2023-02-08T23:39:01","date_gmt":"2023-02-09T02:39:01","guid":{"rendered":"https:\/\/corrientesdetarde.com\/?p=39049"},"modified":"2023-02-08T23:39:08","modified_gmt":"2023-02-09T02:39:08","slug":"convocan-a-audiencia-publica-por-el-nuevo-cuadro-tarifario-de-la-energia-electrica-en-corrientes","status":"publish","type":"post","link":"https:\/\/corrientesdetarde.com\/index.php\/economia\/convocan-a-audiencia-publica-por-el-nuevo-cuadro-tarifario-de-la-energia-electrica-en-corrientes\/","title":{"rendered":"Convocan a Audiencia P\u00fablica por el nuevo cuadro tarifario de la energ\u00eda el\u00e9ctrica en Corrientes"},"content":{"rendered":"\n<p>La convocatoria est\u00e1 fijada en la Resoluci\u00f3n 39\/2022 del organismo, con fecha 27 de diciembre \u00faltimo, a fin de poner a consideraci\u00f3n el Proyecto Tarifario para el periodo 2023-2024 de la Direcci\u00f3n Provincial de Energ\u00eda de Corrientes (DPEC).<\/p>\n\n\n\n<p>Entre los considerandos del EPRE para esta convocatoria, se\u00f1ala que &#8220;la necesidad de efectuar una revisi\u00f3n tarifaria surge a causa de la inflaci\u00f3n que padece nuestro pa\u00eds, lo que deriva en incrementos de salarios y de los precios de los materiales y servicios que dicha Direcci\u00f3n (DPEC) debe afrontar en el periodo mencionado, para prestar el servicio&#8221;. Agrega que &#8220;un informe de la Gerencia de Administraci\u00f3n de la DPEC expresa que los precios de los principales insumos que requiere el servicio que presta la DPEC se han visto afectados por la situaci\u00f3n del comercio internacional, debido a que las dificultades para financiar las operaciones de importaci\u00f3n han resultado en incremento de precios, en d\u00f3lares en algunos casos superiores al 20%, a lo que se suma la devaluaci\u00f3n constante del peso&#8221;.<\/p>\n\n\n\n<p>Asimismo, para el proyecto tarifario que se pondr\u00e1 a consideraci\u00f3n en esta Audiencia P\u00fablica, tambi\u00e9n se tuvo en cuenta &#8220;la quita de subsidios a los precios mayoristas de la electricidad de acuerdo a la segmentaci\u00f3n de tarifas establecidas por el Decreto Nacional N\u00ba332\/2022 y la normativa complementaria y que, como es p\u00fablico conocimiento y en concordancia con dicho Decreto, las tarifas residenciales se dividen en tres categor\u00edas: altos ingresos; ingresos medios; y bajos ingresos&#8221;.<\/p>\n\n\n\n<p>En tanto, el EPRE dispone en esta resoluci\u00f3n que &#8220;el objeto de la Audiencia P\u00fablica es el conocimiento y an\u00e1lisis de la opini\u00f3n de los sectores interesados, con car\u00e1cter previo a la adopci\u00f3n de la decisi\u00f3n que corresponda, referida a la aprobaci\u00f3n de un Nuevo Cuadro Tarifario para la DPEC y en un todo de acuerdo al elaborado por dicha repartici\u00f3n, con sustento en los informes t\u00e9cnicos producidos en el \u00e1mbito de la misma&#8221;. Cabe se\u00f1alar que las personas interesadas en participar en esta Audiencia deber\u00e1n inscribirse en la sede del EPRE, ubicada en calle 25 de Mayo 981 de la ciudad de Corrientes, completando un formulario. Tambi\u00e9n puede hacerse mediante inscripci\u00f3n por correo electr\u00f3nico, cuya direcci\u00f3n, al igual que todas las referencias e informaciones al respecto, se encuentra en la p\u00e1gina oficial https:\/\/senergia.corrientes.gob.ar\/.<\/p>\n","protected":false},"excerpt":{"rendered":"<p>La convocatoria est\u00e1 fijada en la Resoluci\u00f3n 39\/2022 del organismo, con fecha 27 de diciembre \u00faltimo, a fin de poner a consideraci\u00f3n el Proyecto Tarifario para el periodo 2023-2024 de&hellip; <\/p>\n","protected":false},"author":1,"featured_media":39064,"comment_status":"closed","ping_status":"open","sticky":false,"template":"","format":"standard","meta":{"footnotes":""},"categories":[20],"tags":[],"class_list":["post-39049","post","type-post","status-publish","format-standard","has-post-thumbnail","hentry","category-economia"],"_links":{"self":[{"href":"https:\/\/corrientesdetarde.com\/index.php\/wp-json\/wp\/v2\/posts\/39049","targetHints":{"allow":["GET"]}}],"collection":[{"href":"https:\/\/corrientesdetarde.com\/index.php\/wp-json\/wp\/v2\/posts"}],"about":[{"href":"https:\/\/corrientesdetarde.com\/index.php\/wp-json\/wp\/v2\/types\/post"}],"author":[{"embeddable":true,"href":"https:\/\/corrientesdetarde.com\/index.php\/wp-json\/wp\/v2\/users\/1"}],"replies":[{"embeddable":true,"href":"https:\/\/corrientesdetarde.com\/index.php\/wp-json\/wp\/v2\/comments?post=39049"}],"version-history":[{"count":1,"href":"https:\/\/corrientesdetarde.com\/index.php\/wp-json\/wp\/v2\/posts\/39049\/revisions"}],"predecessor-version":[{"id":39067,"href":"https:\/\/corrientesdetarde.com\/index.php\/wp-json\/wp\/v2\/posts\/39049\/revisions\/39067"}],"wp:featuredmedia":[{"embeddable":true,"href":"https:\/\/corrientesdetarde.com\/index.php\/wp-json\/wp\/v2\/media\/39064"}],"wp:attachment":[{"href":"https:\/\/corrientesdetarde.com\/index.php\/wp-json\/wp\/v2\/media?parent=39049"}],"wp:term":[{"taxonomy":"category","embeddable":true,"href":"https:\/\/corrientesdetarde.com\/index.php\/wp-json\/wp\/v2\/categories?post=39049"},{"taxonomy":"post_tag","embeddable":true,"href":"https:\/\/corrientesdetarde.com\/index.php\/wp-json\/wp\/v2\/tags?post=39049"}],"curies":[{"name":"wp","href":"https:\/\/api.w.org\/{rel}","templated":true}]}}