{"id":39131,"date":"2023-02-09T09:37:35","date_gmt":"2023-02-09T12:37:35","guid":{"rendered":"https:\/\/corrientesdetarde.com\/?p=39131"},"modified":"2023-02-09T09:37:39","modified_gmt":"2023-02-09T12:37:39","slug":"chile-insiste-e-inicia-el-segundo-proceso-para-reformar-la-constitucion-que-impuso-pinochet-con-algunas-diferencias","status":"publish","type":"post","link":"https:\/\/corrientesdetarde.com\/index.php\/internacionales\/chile-insiste-e-inicia-el-segundo-proceso-para-reformar-la-constitucion-que-impuso-pinochet-con-algunas-diferencias\/","title":{"rendered":"<strong>Chile insiste e inicia el segundo proceso para reformar la Constituci\u00f3n que impuso Pinochet con algunas diferencias<\/strong>"},"content":{"rendered":"\n<p>Despu\u00e9s del fracaso del primer intento, que fue rechazada en el plebiscito de septiembre, los partidos presentaron las nuevas listas de constituyentes. Cu\u00e1les son los cambios.<\/p>\n\n\n\n<p>La terca sequ\u00eda, las temperaturas alt\u00edsimas y los descuidos de siempre.&nbsp;<strong>Chile<\/strong>&nbsp;vuelve a arder con sus incendios forestales. Son brutales y end\u00e9micos. La fuerza para combatirlos de los chilenos es proporcional. Los bomberos regionales trabajan hasta quedar tirados sin poder mover un m\u00fasculo m\u00e1s. Unas horas m\u00e1s tarde vuelven a intentarlo. Es una caracter\u00edstica del pa\u00eds, de sus habitantes.&nbsp;<strong>Son perseverantes<\/strong>. Nada es acelerado e impulsivo. Cuestan los cambios, pero cuando se lo proponen, lo intentan hasta el final. El caso, ahora, es la&nbsp;<strong>reforma de la Constituci\u00f3n<\/strong>&nbsp;que les impuso la dictadura del general Pinochet en 1980 y que nunca pudieron sacarse de encima.<\/p>\n\n\n\n<p>Lo intentaron despu\u00e9s de muchas idas y vueltas en un primer proceso que termin\u00f3 con la votaci\u00f3n de septiembre pasado en la que&nbsp;<strong>el 61% de los chilenos rechaz\u00f3 el nuevo texto<\/strong>. En cualquier otro lugar del mundo hubieran pasado a\u00f1os hasta que alg\u00fan pol\u00edtico se hubiera atrevido a intentarlo nuevamente. No en Chile. Esta semana se inici\u00f3&nbsp;<strong>el segundo proceso de reforma constitucional que terminar\u00e1 con otro plebiscito en diciembre<\/strong>. Y esta vez, aseguran que lo har\u00e1n bien.<\/p>\n\n\n\n<p>Escribir una constituci\u00f3n es aburrido. Es muy dif\u00edcil lograr la atenci\u00f3n de la gente en el proceso a pesar de que se trate de las leyes que van a regir la vida de ellos, sus hijos y vaya a saber cu\u00e1ntos descendientes m\u00e1s. La primera tarea de este segundo proceso constitucional recae en el&nbsp;<strong>Congreso<\/strong>, que debe designar&nbsp;<strong>24 integrantes de la \u201cComisi\u00f3n Experta\u201d<\/strong>, que comenzar\u00e1 sus funciones el 6 de marzo y cuya tarea ser\u00e1 escribir un anteproyecto con las&nbsp;<strong>12 bases constitucionales establecidas en el \u201cAcuerdo por Chile\u201d<\/strong>&nbsp;firmado el 12 de diciembre pasado por los partidos pol\u00edticos con representaci\u00f3n parlamentaria. Tanto el oficialismo como la oposici\u00f3n elegir\u00e1n la mitad de los integrantes de esta comisi\u00f3n, respetando la paridad de g\u00e9nero, y ambas c\u00e1maras deber\u00e1n aprobar los listados de expertos por cuatro s\u00e9ptimos de los votos. Para ser integrante de la Comisi\u00f3n Experta es necesario tener&nbsp;<strong>derecho a sufragio, t\u00edtulo universitario o grado acad\u00e9mico, adem\u00e1s de acreditar experiencia laboral no inferior a diez a\u00f1os<\/strong>&nbsp;en el sector p\u00fablico o privado.<\/p>\n\n\n\n<p>El 7 de mayo se vota por primera vez. En una elecci\u00f3n con voto obligatorio, se elegir\u00e1n&nbsp;<strong>50 miembros del Consejo Constitucional&nbsp;<\/strong>m\u00e1s esca\u00f1os para consejeros de pueblos ind\u00edgenas de acuerdo al porcentaje de votaci\u00f3n. Este consejo que comenzar\u00e1 sus funciones el 7 de junio deber\u00e1 debatir el anteproyecto de la Comisi\u00f3n Experta. En paralelo, funcionar\u00e1 un&nbsp;<strong>\u201cComit\u00e9 T\u00e9cnico de Admisibilidad\u201d,<\/strong>&nbsp;con 14 integrantes designados por el Congreso, que velar\u00e1 por el cumplimiento del&nbsp;<strong>\u201cAcuerdo por Chile\u201d<\/strong>&nbsp;con sus 12 bases institucionales, que van desde que Chile es una Rep\u00fablica hasta que&nbsp;<strong>se deber\u00e1 respetar la autonom\u00eda del Banco Central<\/strong>.<\/p>\n\n\n\n<p>Para esta elecci\u00f3n, esta semana se presentaron las listas y hubo una primera sorpresa:&nbsp;<strong>el oficialismo va dividido<\/strong>. El&nbsp;<strong>Partido por la Democracia, el PPD<\/strong>&nbsp;del ex presidente Ricardo Lagos, decidi\u00f3 pactar con las formaciones de izquierda m\u00e1s moderadas. De esta manera se rompi\u00f3 la unidad hist\u00f3rica con los socialistas de los que fueron socios en&nbsp;<strong>la Concertaci\u00f3n que gobern\u00f3 entre 1990 y 2010<\/strong>. El&nbsp;<strong>Partido Socialista<\/strong>&nbsp;se uni\u00f3 a Apruebo Dignidad, conformado por el Partido Comunista y el Frente Amplio del presidente&nbsp;<strong>Gabriel Boric<\/strong>, que intent\u00f3 mantener la unidad hasta \u00faltimo momento. La presidenta del PS,&nbsp;<strong>Paulina Vodanovic<\/strong>, se quej\u00f3 amargamente en una entrevista con El Mercurio:&nbsp;<strong>\u201cno se puede estar en parte con el gobierno y en parte fuera de \u00e9l\u201d.<\/strong><\/p>\n\n\n\n<p>Los viejos socios siguieron su camino y presentaron una lista junto a los otros moderados de centro de la vieja Concertaci\u00f3n: el Partido Radical y la Democracia Cristiana. Dicen que no quieren que pase lo de la Constituci\u00f3n rechazada en la que hab\u00edan ganado las posiciones de la extrema izquierda. El l\u00edder del PR, Leonardo Cubillos, lo puso as\u00ed:&nbsp;<strong>\u201cpretendemos reconstruir una centroizquierda democr\u00e1tica, ir a buscar ese voto de centro que ha sido esquivo para el gobierno\u201d.<\/strong><\/p>\n\n\n\n<p>La coalici\u00f3n de derecha tradicional&nbsp;<strong>Chile Vamos<\/strong>&nbsp;-conformada por la&nbsp;<strong>Uni\u00f3n Dem\u00f3crata Independiente (UDI), Renovaci\u00f3n Nacional (RN) y Ev\u00f3poli<\/strong>&#8211; inscribi\u00f3 su pacto electoral bajo el nombre de \u201cChile Seguro\u201d. Pero no lograron sumar al&nbsp;<strong>Partido Republicano<\/strong>&nbsp;de J<strong>os\u00e9 Antonio Kast<\/strong>, de la extrema derecha, que va en lista \u00fanica.<\/p>\n\n\n\n<p>Entre los candidatos aparecieron a \u00faltimo momento tres representantes directos de los pueblos ind\u00edgenas:&nbsp;<strong>dos mapuches y un atacame\u00f1o<\/strong>. Y su participaci\u00f3n en la comisi\u00f3n redactora depender\u00e1 del porcentaje de votos que reciban. En el proceso anterior, los pueblos originarios, que constituyen&nbsp;<strong>el 9% del total de la poblaci\u00f3n<\/strong>&nbsp;chilena, tuvieron 17 asientos asegurados.<\/p>\n\n\n\n<p>Los analistas en Santiago debat\u00edan en las \u00faltimas horas qu\u00e9 posibilidades tiene cada coalici\u00f3n en la primera votaci\u00f3n del 7 de mayo. La primera dificultad que aparece es que la mayor\u00eda de los nombres de las listas son desconocidos para el gran p\u00fablico. \u201cEs probable que la gente al no conocer a las personas, se inclinen a tomar su decisi\u00f3n en funci\u00f3n de las marcas, del partido pol\u00edtico o incluso del pacto (alianza)\u201d, coment\u00f3&nbsp;<strong>Marco Moreno<\/strong>, director de la&nbsp;<strong>Escuela de Gobierno de la Universidad Central&nbsp;<\/strong>al sitio&nbsp;<strong>Emol<\/strong>. Y aqu\u00ed aparece otro elemento que es la fatiga electoral. Los chilenos est\u00e1n cansados de ir a las urnas con la cuesti\u00f3n constituyente. Sin candidatos atrayentes ni propuestas muy definidas hasta el momento,&nbsp;<strong>es probable que la participaci\u00f3n sea escasa<\/strong>.<\/p>\n\n\n\n<p>En este contexto, aparece mejor parada la derecha liberal\/populista representada por&nbsp;<strong>Franco Parisi<\/strong>, un extra\u00f1o candidato que en las \u00faltimas elecciones presidenciales lleg\u00f3 tercero, con un 13% de los votos, en la primera vuelta haciendo campa\u00f1a desde Estados Unidos y no pisando el territorio chileno. \u201c<strong>Es un mal candidato, pero lo conocen<\/strong>. Eso le podr\u00eda dar una cantidad de votos inusitada a su lista en esta elecci\u00f3n imprevisible\u201d, dice el analista. En la misma posici\u00f3n est\u00e1&nbsp;<strong>Jos\u00e9 Antonio Kast<\/strong>, de la extrema derecha populista, que podr\u00eda obtener votos para sus candidatos simplemente porque es uno de los pocos conocidos que aparece en la campa\u00f1a. \u201cEl Partido Republicano es un partido que tuvo un buen resultado presidencial y parlamentario impulsado porque tuvo un buen candidato presidencial.&nbsp;<strong>\u00bfSigue Kast en el peak?, tengo mis dudas. Vamos a ver cu\u00e1nto influye la marca Kast, y si logra traspasar eso a sus candidatos<\/strong>\u201d, coment\u00f3 el vicedecano de la&nbsp;<strong>Facultad de Gobierno de la Universidad del Desarrollo<\/strong>,&nbsp;<strong>Rodrigo Arellano<\/strong>.<\/p>\n\n\n\n<p>Esta vez el proceso de reforma constitucional pareciera estar, bastante&nbsp;<strong>preservado de la peque\u00f1a lucha partidaria<\/strong>&nbsp;y de los pol\u00edticos en campa\u00f1a si se lo compara con el intento del a\u00f1o pasado. Tambi\u00e9n de las rebeld\u00edas para audiencias de&nbsp;<strong>YouTube<\/strong>&nbsp;o la defensa de intereses de minor\u00edas extremas. Si todo va bien, antes de que termine este 2023, Chile se habr\u00e1 sacado de encima, finalmente, la constituci\u00f3n impuesta por los dictadores hace 40 a\u00f1os.&nbsp;<strong>Tarea dura, especial para perseverantes como los chilenos.<\/strong><\/p>\n","protected":false},"excerpt":{"rendered":"<p>Despu\u00e9s del fracaso del primer intento, que fue rechazada en el plebiscito de septiembre, los partidos presentaron las nuevas listas de constituyentes. Cu\u00e1les son los cambios. La terca sequ\u00eda, las&hellip; <\/p>\n","protected":false},"author":7,"featured_media":39132,"comment_status":"closed","ping_status":"open","sticky":false,"template":"","format":"standard","meta":{"footnotes":""},"categories":[11],"tags":[],"class_list":["post-39131","post","type-post","status-publish","format-standard","has-post-thumbnail","hentry","category-internacionales"],"_links":{"self":[{"href":"https:\/\/corrientesdetarde.com\/index.php\/wp-json\/wp\/v2\/posts\/39131","targetHints":{"allow":["GET"]}}],"collection":[{"href":"https:\/\/corrientesdetarde.com\/index.php\/wp-json\/wp\/v2\/posts"}],"about":[{"href":"https:\/\/corrientesdetarde.com\/index.php\/wp-json\/wp\/v2\/types\/post"}],"author":[{"embeddable":true,"href":"https:\/\/corrientesdetarde.com\/index.php\/wp-json\/wp\/v2\/users\/7"}],"replies":[{"embeddable":true,"href":"https:\/\/corrientesdetarde.com\/index.php\/wp-json\/wp\/v2\/comments?post=39131"}],"version-history":[{"count":1,"href":"https:\/\/corrientesdetarde.com\/index.php\/wp-json\/wp\/v2\/posts\/39131\/revisions"}],"predecessor-version":[{"id":39133,"href":"https:\/\/corrientesdetarde.com\/index.php\/wp-json\/wp\/v2\/posts\/39131\/revisions\/39133"}],"wp:featuredmedia":[{"embeddable":true,"href":"https:\/\/corrientesdetarde.com\/index.php\/wp-json\/wp\/v2\/media\/39132"}],"wp:attachment":[{"href":"https:\/\/corrientesdetarde.com\/index.php\/wp-json\/wp\/v2\/media?parent=39131"}],"wp:term":[{"taxonomy":"category","embeddable":true,"href":"https:\/\/corrientesdetarde.com\/index.php\/wp-json\/wp\/v2\/categories?post=39131"},{"taxonomy":"post_tag","embeddable":true,"href":"https:\/\/corrientesdetarde.com\/index.php\/wp-json\/wp\/v2\/tags?post=39131"}],"curies":[{"name":"wp","href":"https:\/\/api.w.org\/{rel}","templated":true}]}}