{"id":39371,"date":"2023-02-09T21:00:01","date_gmt":"2023-02-10T00:00:01","guid":{"rendered":"https:\/\/corrientesdetarde.com\/?p=39371"},"modified":"2023-02-09T21:00:06","modified_gmt":"2023-02-10T00:00:06","slug":"suma-fija-para-trabajadores-registrados-que-se-sabe-hasta-ahora-y-cuando-se-pagaria","status":"publish","type":"post","link":"https:\/\/corrientesdetarde.com\/index.php\/economia\/suma-fija-para-trabajadores-registrados-que-se-sabe-hasta-ahora-y-cuando-se-pagaria\/","title":{"rendered":"Suma fija para trabajadores registrados: qu\u00e9 se sabe hasta ahora y cu\u00e1ndo se pagar\u00eda"},"content":{"rendered":"\n<p>Para el Gobierno, los salarios y la inflaci\u00f3n son una preocupaci\u00f3n permanente. Es por eso que en el Congreso, desde el oficialismo impulsan un proyecto para &#8220;incorporar una nueva suma fija&#8221; para trabajadores registrados de todo el pa\u00eds.<\/p>\n\n\n\n<p>Se trata de una medida que podr\u00e1 aplicarse en paralelo a las paritarias, que vienen demostrando actividad permanente en los \u00faltimos meses. Por eso, desde el Frente de Todos (FdT) insisten en ampliar el marco de mejoras salariales y consolidar el poder adquisitivo de los trabajadores registrados.<\/p>\n\n\n\n<p>Salarios: impulsan proyecto de suma fija para trabajadores registrados<br>El anuncio surgi\u00f3 este jueves. En di\u00e1logo con AM 530, el diputado nacional del FdT, Daniel Arroyo, dio a conocer la iniciativa, que propone otorgar una nueva suma fija para los trabajadores registrados del sector p\u00fablico y privado. El objetivo es claro: &#8220;Recuperar los ingresos&#8221;, destac\u00f3 el legislador.<\/p>\n\n\n\n<p>El exministro de Desarrollo Social explic\u00f3 que la iniciativa tiene como eje &#8220;achicar la pir\u00e1mide salarial&#8221;. En ese sentido, el legislador destac\u00f3: &#8220;Creo que es un tiempo para una suma fija porque lo que har\u00eda es achicar la pir\u00e1mide de los que ganan menos y los que ganan m\u00e1s&#8221;.<\/p>\n\n\n\n<p>Al mismo tiempo, Arroyo coment\u00f3 la posibilidad del pago de un bono, como alternativa, para compensar el desfasaje entre salarios e inflaci\u00f3n.<\/p>\n\n\n\n<p>Qu\u00e9 dicen en el Gobierno sobre el pago de una nueva suma<br>La ministra de Trabajo, Raquel &#8220;Kelly&#8221; Olmos, hab\u00eda dejado en claro la postura del Gobierno en la previa del pago del bono de $24.000, otorgado a final de 2022.<\/p>\n\n\n\n<p>&#8220;Las paritarias funcionan plenamente y lo que hay que dejar es funcionarlas. Lo cierto es que interferir con una suma fija a los salarios m\u00e1s bajos tambi\u00e9n genera muchos problemas en muchos lugares&#8221;, hab\u00eda manifestado la funcionaria en ese momento, donde se debat\u00eda cu\u00e1l era la mejor alternativa para compensar los bolsillos de los trabajadores.<\/p>\n\n\n\n<p>&#8220;La idea de la suma fija es una idea de incorporaci\u00f3n permanente que en relaci\u00f3n al segmento del trabajo formal no nos parece lo m\u00e1s adecuado, porque la verdad es que las paritarias est\u00e1n demostrando vigor y se negocia al m\u00e1ximo. Entonces, no es la idea tensar ah\u00ed&#8221;, insisti\u00f3 Olmos.<\/p>\n\n\n\n<p>Este jueves, Daniel Arroyo remarc\u00f3 que su asignaci\u00f3n postular\u00eda un &#8220;debate muy fino&#8221; que sumar\u00eda varios condimentos en la mesa de negociaci\u00f3n: inflaci\u00f3n, salarios, ingresos, la cuesti\u00f3n macroecon\u00f3mica y las metas fiscales del acuerdo con el FMI.<\/p>\n\n\n\n<p>&#8220;El acuerdo con el Fondo tiene metas fiscales muy claras. Este a\u00f1o es del 1,9%. Por eso creo que hay un cors\u00e9 de varios aspectos a la vez, pero creo que hay que mejorar los ingresos&#8221;, explic\u00f3 el diputado del FdT.<\/p>\n","protected":false},"excerpt":{"rendered":"<p>Para el Gobierno, los salarios y la inflaci\u00f3n son una preocupaci\u00f3n permanente. Es por eso que en el Congreso, desde el oficialismo impulsan un proyecto para &#8220;incorporar una nueva suma&hellip; <\/p>\n","protected":false},"author":1,"featured_media":39381,"comment_status":"closed","ping_status":"open","sticky":false,"template":"","format":"standard","meta":{"footnotes":""},"categories":[20],"tags":[],"class_list":["post-39371","post","type-post","status-publish","format-standard","has-post-thumbnail","hentry","category-economia"],"_links":{"self":[{"href":"https:\/\/corrientesdetarde.com\/index.php\/wp-json\/wp\/v2\/posts\/39371","targetHints":{"allow":["GET"]}}],"collection":[{"href":"https:\/\/corrientesdetarde.com\/index.php\/wp-json\/wp\/v2\/posts"}],"about":[{"href":"https:\/\/corrientesdetarde.com\/index.php\/wp-json\/wp\/v2\/types\/post"}],"author":[{"embeddable":true,"href":"https:\/\/corrientesdetarde.com\/index.php\/wp-json\/wp\/v2\/users\/1"}],"replies":[{"embeddable":true,"href":"https:\/\/corrientesdetarde.com\/index.php\/wp-json\/wp\/v2\/comments?post=39371"}],"version-history":[{"count":1,"href":"https:\/\/corrientesdetarde.com\/index.php\/wp-json\/wp\/v2\/posts\/39371\/revisions"}],"predecessor-version":[{"id":39388,"href":"https:\/\/corrientesdetarde.com\/index.php\/wp-json\/wp\/v2\/posts\/39371\/revisions\/39388"}],"wp:featuredmedia":[{"embeddable":true,"href":"https:\/\/corrientesdetarde.com\/index.php\/wp-json\/wp\/v2\/media\/39381"}],"wp:attachment":[{"href":"https:\/\/corrientesdetarde.com\/index.php\/wp-json\/wp\/v2\/media?parent=39371"}],"wp:term":[{"taxonomy":"category","embeddable":true,"href":"https:\/\/corrientesdetarde.com\/index.php\/wp-json\/wp\/v2\/categories?post=39371"},{"taxonomy":"post_tag","embeddable":true,"href":"https:\/\/corrientesdetarde.com\/index.php\/wp-json\/wp\/v2\/tags?post=39371"}],"curies":[{"name":"wp","href":"https:\/\/api.w.org\/{rel}","templated":true}]}}