{"id":39409,"date":"2023-02-09T23:45:29","date_gmt":"2023-02-10T02:45:29","guid":{"rendered":"https:\/\/corrientesdetarde.com\/?p=39409"},"modified":"2023-02-09T23:45:32","modified_gmt":"2023-02-10T02:45:32","slug":"valdes-inauguro-club-municipal-alvearense-y-entrego-bienes-de-capital-en-la-comuna","status":"publish","type":"post","link":"https:\/\/corrientesdetarde.com\/index.php\/sociales\/valdes-inauguro-club-municipal-alvearense-y-entrego-bienes-de-capital-en-la-comuna\/","title":{"rendered":"Vald\u00e9s inaugur\u00f3 Club municipal alvearense y entreg\u00f3 bienes de capital en la comuna"},"content":{"rendered":"\n<p>Cerrando la jornada, el gobernador Gustavo Vald\u00e9s presidi\u00f3 la apertura del Club de Empleados Municipales de Alvear y habilit\u00f3 una pileta semiol\u00edmpica en el mismo complejo. Por otra parte, tom\u00f3 contacto con emprendedores locales, quienes fueron beneficiados con herramientas de trabajo a trav\u00e9s del programa Emprendedores Somos Todos.<\/p>\n\n\n\n<p>El club se ubica en las calles Gral. Paz y San Lorenzo y se inaugur\u00f3 con un corte de cinta de gobernador acompa\u00f1ado del intendente, Miguel Salvarredy. En sus instalaciones, adem\u00e1s del espacio social, los alvearenses podr\u00e1n practicar futsal, b\u00e1squet, v\u00f3ley, entre otros deportes.<\/p>\n\n\n\n<p>En este sentido, se inaugur\u00f3 tambi\u00e9n una piscina semiol\u00edmpica con vestuario y ba\u00f1os.<\/p>\n\n\n\n<p>\u201cCuando pensamos en Alvear, pensamos en c\u00f3mo Provincia y Municipio logramos transformar la ciudad\u201d, comenz\u00f3 diciendo Vald\u00e9s, a lo que agreg\u00f3: \u201cEsa transformaci\u00f3n tiene nombres y apellidos, muchas veces an\u00f3nimos, porque los funcionarios cortamos las cintas y los empleados municipales quedan a un lado\u201d.<\/p>\n\n\n\n<p>El gobernador expres\u00f3 que este club es un reconocimiento \u201ca ese esfuerzo de los trabajadores y trabajadoras de Alvear, sus familias y la comunidad\u201d.<\/p>\n\n\n\n<p>\u201cNo quiero que ninguna ciudad del interior se sienta olvidada por este Gobierno, queremos decirles que estamos presentes\u201d, declar\u00f3 y enumer\u00f3 las distintas obras que se vienen realizando en la localidad.<\/p>\n\n\n\n<p>En este sentido, puso como objetivo principal el crecimiento del parque industrial \u201cpara generarle trabajo a los alvearenses\u201d. \u201cTenemos que lograr que las empresas conf\u00eden y se instalen ac\u00e1, aquellas que lo hagan deben saber que contar\u00e1n con el respaldo de este Gobierno y la Municipalidad\u201d, agreg\u00f3.<\/p>\n\n\n\n<p>Para cerrar su discurso, y volviendo a referirse a esta inauguraci\u00f3n, Vald\u00e9s le pidi\u00f3 a la comunidad \u201cque abra las puertas de los clubes, que entren los j\u00f3venes y ni\u00f1os y que sean un espacio de uni\u00f3n\u201d.<\/p>\n\n\n\n<p>La oportunidad fue propicia para reconocer a j\u00f3venes deportistas que se destacaron en los Juegos Evita y tambi\u00e9n se entreg\u00f3 equipamiento deportivo al municipio por parte de la Secretar\u00eda de Deportes, a cargo de Jorge Terrile.<\/p>\n\n\n\n<p><strong>Intendente Salvarredy<\/strong><\/p>\n\n\n\n<p>A su turno el jefe comunal, Miguel Salvarredy expres\u00f3 que la inauguraci\u00f3n del club Municipal \u201cera un anhelo de mi gesti\u00f3n, y esta construcci\u00f3n es para todos ustedes, para que puedan practicar diferentes deportes como b\u00e1squet, f\u00fatbol, v\u00f3ley y para que los chicos aprendan porque tenemos profesores de educaci\u00f3n f\u00edsica que van a fomentar su pr\u00e1ctica\u201d.<\/p>\n\n\n\n<p>Remarc\u00f3 que \u201cesta es una obra que nos emociona porque qued\u00f3 muy linda y era muy necesaria porque ac\u00e1 el empleado municipal va a poder realizar eventos y reuniones de camarader\u00eda y que tambi\u00e9n lo van a poder ocupar todos los habitantes de Alvear\u201d.<\/p>\n\n\n\n<p><strong>Emprendedores Somos Todos<\/strong><\/p>\n\n\n\n<p>Al finalizar en acto inaugural del club, Vald\u00e9s entreg\u00f3 bienes de capital del programa Emprendedores Somos Todos a doce trabajadores alvearenses. Esta iniciativa, coordinada por Lourdes D\u2019arrigo, tiene como objetivo dotar de herramientas y maquinaria de trabajo a los vecinos, previa capacitaci\u00f3n y armado de un proyecto de negocio.<\/p>\n\n\n\n\r\n\t<div class=\"msacwl-slider-wrap msacwl-row-clearfix \" data-conf=\"{&quot;autoplay&quot;:&quot;true&quot;,&quot;autoplay_speed&quot;:3000,&quot;speed&quot;:300,&quot;arrows&quot;:&quot;true&quot;,&quot;dots&quot;:&quot;true&quot;,&quot;lazyload&quot;:&quot;&quot;}\">\r\n\t\t<div id=\"msacwl-slider-1\" class=\"msacwl-slider msacwl-common-slider msacwl-slider-popup\">\r\n\t\t\t\t\t\t<div class=\"msacwl-slide\" data-item-index=\"1\" >\r\n\t\t\t\t<a class=\"msacwl-img-link\" href=\"javascript:void(0);\" data-mfp-src=\"https:\/\/corrientesdetarde.com\/wp-content\/uploads\/2023\/02\/imagen-100002.jpg\">\r\n\t\t\t\t\t<img decoding=\"async\" class=\"msacwl-img\" src=\"https:\/\/corrientesdetarde.com\/wp-content\/uploads\/2023\/02\/imagen-100002.jpg\"  data-title=\"\" alt=\"\" \/>\r\n\t\t\t\t<\/a>\r\n\t\t\t\t\t\t\t\t\t<div class=\"msacwl-gallery-caption\">\r\n\t\t\t\t\t\t\t\t\t\t\t\t\t<span class=\"image_title\"><\/span>\r\n\t\t\t\t\t\t\t\t\t\t\t\t\t<span><\/span>\r\n\t\t\t\t\t\t \t\t\t\t\t<\/div>\r\n\t\t\t\t\t\t\t<\/div>\r\n\t\t\t\t\t\t<div class=\"msacwl-slide\" data-item-index=\"2\" >\r\n\t\t\t\t<a class=\"msacwl-img-link\" href=\"javascript:void(0);\" data-mfp-src=\"https:\/\/corrientesdetarde.com\/wp-content\/uploads\/2023\/02\/imagen-100005.jpg\">\r\n\t\t\t\t\t<img decoding=\"async\" class=\"msacwl-img\" src=\"https:\/\/corrientesdetarde.com\/wp-content\/uploads\/2023\/02\/imagen-100005.jpg\"  data-title=\"\" alt=\"\" \/>\r\n\t\t\t\t<\/a>\r\n\t\t\t\t\t\t\t\t\t<div class=\"msacwl-gallery-caption\">\r\n\t\t\t\t\t\t\t\t\t\t\t\t\t<span class=\"image_title\"><\/span>\r\n\t\t\t\t\t\t\t\t\t\t\t\t\t<span><\/span>\r\n\t\t\t\t\t\t \t\t\t\t\t<\/div>\r\n\t\t\t\t\t\t\t<\/div>\r\n\t\t\t\t\t\t<div class=\"msacwl-slide\" data-item-index=\"3\" >\r\n\t\t\t\t<a class=\"msacwl-img-link\" href=\"javascript:void(0);\" data-mfp-src=\"https:\/\/corrientesdetarde.com\/wp-content\/uploads\/2023\/02\/imagen-100001.jpg\">\r\n\t\t\t\t\t<img decoding=\"async\" class=\"msacwl-img\" src=\"https:\/\/corrientesdetarde.com\/wp-content\/uploads\/2023\/02\/imagen-100001.jpg\"  data-title=\"\" alt=\"\" \/>\r\n\t\t\t\t<\/a>\r\n\t\t\t\t\t\t\t\t\t<div class=\"msacwl-gallery-caption\">\r\n\t\t\t\t\t\t\t\t\t\t\t\t\t<span class=\"image_title\"><\/span>\r\n\t\t\t\t\t\t\t\t\t\t\t\t\t<span><\/span>\r\n\t\t\t\t\t\t \t\t\t\t\t<\/div>\r\n\t\t\t\t\t\t\t<\/div>\r\n\t\t\t\t\t<\/div>\r\n\t<\/div>\r\n\r\n\t\n","protected":false},"excerpt":{"rendered":"<p>Cerrando la jornada, el gobernador Gustavo Vald\u00e9s presidi\u00f3 la apertura del Club de Empleados Municipales de Alvear y habilit\u00f3 una pileta semiol\u00edmpica en el mismo complejo. Por otra parte, tom\u00f3&hellip; <\/p>\n","protected":false},"author":1,"featured_media":39415,"comment_status":"closed","ping_status":"open","sticky":false,"template":"","format":"standard","meta":{"footnotes":""},"categories":[17],"tags":[],"class_list":["post-39409","post","type-post","status-publish","format-standard","has-post-thumbnail","hentry","category-sociales"],"_links":{"self":[{"href":"https:\/\/corrientesdetarde.com\/index.php\/wp-json\/wp\/v2\/posts\/39409","targetHints":{"allow":["GET"]}}],"collection":[{"href":"https:\/\/corrientesdetarde.com\/index.php\/wp-json\/wp\/v2\/posts"}],"about":[{"href":"https:\/\/corrientesdetarde.com\/index.php\/wp-json\/wp\/v2\/types\/post"}],"author":[{"embeddable":true,"href":"https:\/\/corrientesdetarde.com\/index.php\/wp-json\/wp\/v2\/users\/1"}],"replies":[{"embeddable":true,"href":"https:\/\/corrientesdetarde.com\/index.php\/wp-json\/wp\/v2\/comments?post=39409"}],"version-history":[{"count":1,"href":"https:\/\/corrientesdetarde.com\/index.php\/wp-json\/wp\/v2\/posts\/39409\/revisions"}],"predecessor-version":[{"id":39428,"href":"https:\/\/corrientesdetarde.com\/index.php\/wp-json\/wp\/v2\/posts\/39409\/revisions\/39428"}],"wp:featuredmedia":[{"embeddable":true,"href":"https:\/\/corrientesdetarde.com\/index.php\/wp-json\/wp\/v2\/media\/39415"}],"wp:attachment":[{"href":"https:\/\/corrientesdetarde.com\/index.php\/wp-json\/wp\/v2\/media?parent=39409"}],"wp:term":[{"taxonomy":"category","embeddable":true,"href":"https:\/\/corrientesdetarde.com\/index.php\/wp-json\/wp\/v2\/categories?post=39409"},{"taxonomy":"post_tag","embeddable":true,"href":"https:\/\/corrientesdetarde.com\/index.php\/wp-json\/wp\/v2\/tags?post=39409"}],"curies":[{"name":"wp","href":"https:\/\/api.w.org\/{rel}","templated":true}]}}