{"id":39422,"date":"2023-02-09T23:37:15","date_gmt":"2023-02-10T02:37:15","guid":{"rendered":"https:\/\/corrientesdetarde.com\/?p=39422"},"modified":"2023-02-09T23:37:20","modified_gmt":"2023-02-10T02:37:20","slug":"en-el-consejo-federal-se-presento-el-programa-de-tutorias-para-que-estudiantes-secundarios-finalicen-sus-estudios","status":"publish","type":"post","link":"https:\/\/corrientesdetarde.com\/index.php\/sociales\/en-el-consejo-federal-se-presento-el-programa-de-tutorias-para-que-estudiantes-secundarios-finalicen-sus-estudios\/","title":{"rendered":"En el Consejo Federal se present\u00f3 el programa de tutor\u00edas para que estudiantes secundarios finalicen sus estudios"},"content":{"rendered":"\n<p>La ministra de Educaci\u00f3n de la provincia de Corrientes, Pr\u00e1xedes L\u00f3pez particip\u00f3 esta ma\u00f1ana del Consejo Federal de Educaci\u00f3n (CFE), en la ciudad Aut\u00f3noma de Buenos Aires&nbsp;junto al ministro de Educaci\u00f3n de la Naci\u00f3n, Jaime Perczyk y sus pares de todo el pa\u00eds.&nbsp;<\/p>\n\n\n\n<p>En la oportunidad el ministro Perczyk, present\u00f3 un programa de apoyo a estudiantes del nivel secundario que adeudan materias mediante tutor\u00edas que los ayudar\u00e1n a fortalecer los aprendizajes para su egreso o permanencia en el sistema educativo.<\/p>\n\n\n\n<p>Se trata del Programa Nacional \u201cA Estudiar\u201d que tiene por destinatarios a estudiantes que finalizaron la cursada regular en el \u00faltimo a\u00f1o pero adeudan materias; a los que est\u00e1n pr\u00f3ximos a graduarse pero adeudan espacios curriculares de a\u00f1os anteriores (o del que est\u00e1 en curso), a los del ciclo b\u00e1sico con prioridad y a lo que les faltan rendir materias de a\u00f1os anteriores.<\/p>\n\n\n\n<p>El ministro de Educaci\u00f3n, Jaime Perczyk, explic\u00f3 que la iniciativa \u201cbusca promover el egreso efectivo de los estudiantes del nivel secundario\u201d y destac\u00f3 que el Gobierno nacional \u201cdestina los fondos para financiar las tutor\u00edas en todo el pa\u00eds\u201d.<\/p>\n\n\n\n<p>En su exposici\u00f3n ante la Consejo Federal de Educaci\u00f3n que sesion\u00f3 en el Palacio Pizzurno, la secretaria de Educaci\u00f3n, Silvina Gvirtz, resalt\u00f3 que \u201clos chicos que se llevan materias van a tener profesores que los acompa\u00f1an para prepararlas y rendirlas\u201d.<\/p>\n\n\n\n<p>\u201cSiempre hay una desigualdad muy fuerte entre quienes pueden pagar un profesor particular y quienes no y por eso, desde el Estado, impulsamos este programa para que todos los alumnos tengan las mismas posibilidades\u201d, consign\u00f3.<\/p>\n\n\n\n<p>El programa prev\u00e9 que los tutores tengan a cargo grupos de 20 estudiantes a los que preparar\u00e1n cuatro semanas antes de las mesas de ex\u00e1menes en tres instancias de evaluaci\u00f3n: inicio, mitad y fin del ciclo lectivo.<\/p>\n\n\n\n<p>Las clases de apoyo a contraturno o los s\u00e1bados y habr\u00e1 tres campos de saberes para trabajar las distintas asignaturas: Escritura, lectura, compresi\u00f3n de textos y t\u00e9cnicas de estudios y un segundo campo de pensamiento l\u00f3gico, resoluci\u00f3n de problemas, lectura e interpretaci\u00f3n de informaci\u00f3n y an\u00e1lisis de las Ciencias Naturales.<\/p>\n\n\n\n<p>En tanto, el tercero estar\u00e1 compuesto por an\u00e1lisis e interpretaci\u00f3n de los contextos socioculturales y profundizaci\u00f3n de los conocimientos de las Ciencias Sociales.<\/p>\n\n\n\n<p>Adem\u00e1s, desde el Instituto Nacional de Educaci\u00f3n Tecnol\u00f3gica (INET) se expuso el proyecto de resoluci\u00f3n sobre la titulaci\u00f3n digital para nivel secundario y \u201cFinEs Tec.\u201d, la estrategia federal de acompa\u00f1amiento pedag\u00f3gico a estudiantes con materias pendientes de la Educaci\u00f3n T\u00e9cnico Profesional (ETP).<\/p>\n\n\n\n<p>Por su parte, la Secretar\u00eda de Informaci\u00f3n y Evaluaci\u00f3n Educativa present\u00f3 los avances de SINIDE, RA 2022 matr\u00edcula y el Instituto Nacional de Formaci\u00f3n Docente (INFoD) expuso el balance 2022 y las acciones previstas para 2023 del Programa Nacional de Formaci\u00f3n Docente \u201cNuestra Escuela\u201d.<\/p>\n\n\n\n<p>Estuvieron presentes en el encuentro: el jefe de Gabinete del Ministerio de Educaci\u00f3n Nacional, Daniel Pico; el asesor Ejecutivo, Mario Caputo; el secretario general del Consejo Federal de Educaci\u00f3n (CFE), Marcelo Mango; la secretaria de Cooperaci\u00f3n Educativa y Acciones Prioritarias, Andrea Garc\u00eda, el secretario de Informaci\u00f3n y Evaluaci\u00f3n Educativa, Germ\u00e1n Lodola; el secretario de Pol\u00edticas Universitarias, Oscar Alpa; el director ejecutivo del Instituto Nacional de Educaci\u00f3n Tecnol\u00f3gica (INET), Gerardo Marchesini; la subsecretaria de Gesti\u00f3n Administrativa, Mar\u00eda In\u00e9s Mart\u00ednez.<\/p>\n\n\n\n\r\n\t<div class=\"msacwl-slider-wrap msacwl-row-clearfix \" data-conf=\"{&quot;autoplay&quot;:&quot;true&quot;,&quot;autoplay_speed&quot;:3000,&quot;speed&quot;:300,&quot;arrows&quot;:&quot;true&quot;,&quot;dots&quot;:&quot;true&quot;,&quot;lazyload&quot;:&quot;&quot;}\">\r\n\t\t<div id=\"msacwl-slider-1\" class=\"msacwl-slider msacwl-common-slider msacwl-slider-popup\">\r\n\t\t\t\t\t\t<div class=\"msacwl-slide\" data-item-index=\"1\" >\r\n\t\t\t\t<a class=\"msacwl-img-link\" href=\"javascript:void(0);\" data-mfp-src=\"https:\/\/corrientesdetarde.com\/wp-content\/uploads\/2023\/02\/imagen-99988.jpg\">\r\n\t\t\t\t\t<img decoding=\"async\" class=\"msacwl-img\" src=\"https:\/\/corrientesdetarde.com\/wp-content\/uploads\/2023\/02\/imagen-99988.jpg\"  data-title=\"\" alt=\"\" \/>\r\n\t\t\t\t<\/a>\r\n\t\t\t\t\t\t\t\t\t<div class=\"msacwl-gallery-caption\">\r\n\t\t\t\t\t\t\t\t\t\t\t\t\t<span class=\"image_title\"><\/span>\r\n\t\t\t\t\t\t\t\t\t\t\t\t\t<span><\/span>\r\n\t\t\t\t\t\t \t\t\t\t\t<\/div>\r\n\t\t\t\t\t\t\t<\/div>\r\n\t\t\t\t\t\t<div class=\"msacwl-slide\" data-item-index=\"2\" >\r\n\t\t\t\t<a class=\"msacwl-img-link\" href=\"javascript:void(0);\" data-mfp-src=\"https:\/\/corrientesdetarde.com\/wp-content\/uploads\/2023\/02\/imagen-99986.jpg\">\r\n\t\t\t\t\t<img decoding=\"async\" class=\"msacwl-img\" src=\"https:\/\/corrientesdetarde.com\/wp-content\/uploads\/2023\/02\/imagen-99986.jpg\"  data-title=\"\" alt=\"\" \/>\r\n\t\t\t\t<\/a>\r\n\t\t\t\t\t\t\t\t\t<div class=\"msacwl-gallery-caption\">\r\n\t\t\t\t\t\t\t\t\t\t\t\t\t<span class=\"image_title\"><\/span>\r\n\t\t\t\t\t\t\t\t\t\t\t\t\t<span><\/span>\r\n\t\t\t\t\t\t \t\t\t\t\t<\/div>\r\n\t\t\t\t\t\t\t<\/div>\r\n\t\t\t\t\t\t<div class=\"msacwl-slide\" data-item-index=\"3\" >\r\n\t\t\t\t<a class=\"msacwl-img-link\" href=\"javascript:void(0);\" data-mfp-src=\"https:\/\/corrientesdetarde.com\/wp-content\/uploads\/2023\/02\/imagen-99987.jpg\">\r\n\t\t\t\t\t<img decoding=\"async\" class=\"msacwl-img\" src=\"https:\/\/corrientesdetarde.com\/wp-content\/uploads\/2023\/02\/imagen-99987.jpg\"  data-title=\"\" alt=\"\" \/>\r\n\t\t\t\t<\/a>\r\n\t\t\t\t\t\t\t\t\t<div class=\"msacwl-gallery-caption\">\r\n\t\t\t\t\t\t\t\t\t\t\t\t\t<span class=\"image_title\"><\/span>\r\n\t\t\t\t\t\t\t\t\t\t\t\t\t<span><\/span>\r\n\t\t\t\t\t\t \t\t\t\t\t<\/div>\r\n\t\t\t\t\t\t\t<\/div>\r\n\t\t\t\t\t<\/div>\r\n\t<\/div>\r\n\r\n\t\n","protected":false},"excerpt":{"rendered":"<p>La ministra de Educaci\u00f3n de la provincia de Corrientes, Pr\u00e1xedes L\u00f3pez particip\u00f3 esta ma\u00f1ana del Consejo Federal de Educaci\u00f3n (CFE), en la ciudad Aut\u00f3noma de Buenos Aires&nbsp;junto al ministro de&hellip; <\/p>\n","protected":false},"author":1,"featured_media":39425,"comment_status":"closed","ping_status":"open","sticky":false,"template":"","format":"standard","meta":{"footnotes":""},"categories":[17],"tags":[],"class_list":["post-39422","post","type-post","status-publish","format-standard","has-post-thumbnail","hentry","category-sociales"],"_links":{"self":[{"href":"https:\/\/corrientesdetarde.com\/index.php\/wp-json\/wp\/v2\/posts\/39422","targetHints":{"allow":["GET"]}}],"collection":[{"href":"https:\/\/corrientesdetarde.com\/index.php\/wp-json\/wp\/v2\/posts"}],"about":[{"href":"https:\/\/corrientesdetarde.com\/index.php\/wp-json\/wp\/v2\/types\/post"}],"author":[{"embeddable":true,"href":"https:\/\/corrientesdetarde.com\/index.php\/wp-json\/wp\/v2\/users\/1"}],"replies":[{"embeddable":true,"href":"https:\/\/corrientesdetarde.com\/index.php\/wp-json\/wp\/v2\/comments?post=39422"}],"version-history":[{"count":1,"href":"https:\/\/corrientesdetarde.com\/index.php\/wp-json\/wp\/v2\/posts\/39422\/revisions"}],"predecessor-version":[{"id":39427,"href":"https:\/\/corrientesdetarde.com\/index.php\/wp-json\/wp\/v2\/posts\/39422\/revisions\/39427"}],"wp:featuredmedia":[{"embeddable":true,"href":"https:\/\/corrientesdetarde.com\/index.php\/wp-json\/wp\/v2\/media\/39425"}],"wp:attachment":[{"href":"https:\/\/corrientesdetarde.com\/index.php\/wp-json\/wp\/v2\/media?parent=39422"}],"wp:term":[{"taxonomy":"category","embeddable":true,"href":"https:\/\/corrientesdetarde.com\/index.php\/wp-json\/wp\/v2\/categories?post=39422"},{"taxonomy":"post_tag","embeddable":true,"href":"https:\/\/corrientesdetarde.com\/index.php\/wp-json\/wp\/v2\/tags?post=39422"}],"curies":[{"name":"wp","href":"https:\/\/api.w.org\/{rel}","templated":true}]}}