{"id":39519,"date":"2023-02-10T11:46:08","date_gmt":"2023-02-10T14:46:08","guid":{"rendered":"https:\/\/corrientesdetarde.com\/?p=39519"},"modified":"2023-02-10T11:46:09","modified_gmt":"2023-02-10T14:46:09","slug":"carnavales-correntinos-como-sera-el-ingreso-de-las-comparsas-para-este-viernes","status":"publish","type":"post","link":"https:\/\/corrientesdetarde.com\/index.php\/cultura\/carnavales-correntinos-como-sera-el-ingreso-de-las-comparsas-para-este-viernes\/","title":{"rendered":"Carnavales correntinos: como ser\u00e1 el ingreso de las comparsas para este viernes"},"content":{"rendered":"\n<p>A partir de las 22 en cors\u00f3dromo Nono Alias.\u00a0\u00a0<\/p>\n\n\n\n<p>Desde la empresa organizadora de los carnavales correntinos informaron c\u00f3mo ser\u00e1 el orden de ingreso de las comparsas para este viernes por la noche en el Cors\u00f3dromo Nono Alias.<\/p>\n\n\n\n<p>Las comparsas desfilar\u00e1n por el Cors\u00f3dromo&nbsp;&nbsp;<strong>a partir de las 22&nbsp;&nbsp;<\/strong>y la primera en abrir la noche es<strong>&nbsp;Imperio Bahiano&nbsp;<\/strong>, precisaron desde la organizaci\u00f3n<\/p>\n\n\n\n<p>Luego a las&nbsp;&nbsp;<strong>22:30&nbsp;<\/strong>es el turno de&nbsp;<strong>&nbsp;Kamandukahia<\/strong>, a las&nbsp;&nbsp;<strong>23&nbsp;Copacabana&nbsp;<\/strong>, en cuarto lugar&nbsp;<strong>Sambanda<\/strong><strong>a las 00:00.&nbsp;<\/strong><\/p>\n\n\n\n<p>Despu\u00e9s a las&nbsp;<strong>00:35&nbsp;<\/strong>es el momento de&nbsp;&nbsp;<strong>Ara Ber\u00e1&nbsp;<\/strong>, contin\u00faa a las&nbsp;&nbsp;<strong>01:15&nbsp; Samba Total&nbsp;&nbsp;<\/strong>y&nbsp;a las&nbsp;&nbsp;<strong>01:45&nbsp; Arand\u00fa Beleza.<\/strong><\/p>\n\n\n\n<figure class=\"wp-block-image\"><img decoding=\"async\" src=\"https:\/\/pxc.cdn.ellitoral.com.ar\/litoral\/022023\/1676031972444.webp?cw=1080&amp;ch=1080&amp;extw=jpeg\" alt=\"Carnavales correntinos: como ser\u00e1 el ingreso de las comparsas para este viernes\"\/><\/figure>\n\n\n\n<p>Las dos \u00faltimas comparsas son&nbsp;&nbsp;<strong>Samba Show&nbsp;&nbsp;<\/strong>que tendr\u00e1 su ingreso a las&nbsp;&nbsp;<strong>02:35&nbsp;&nbsp;<\/strong>y finalmente la encargada de cerrar la noche es la comparsa del gallo,&nbsp;&nbsp;<strong>Sapucay a las 03:10.&nbsp;<\/strong><\/p>\n\n\n\n<p>Las entradas se pueden adquirir online en&nbsp;&nbsp;<strong>Fullticket.com<\/strong>. Tambi\u00e9n en la&nbsp;&nbsp;<strong>plaza Juan de Vera<\/strong>&nbsp; (San Juan 871) o en el cors\u00f3dromo Nono Alias. Los horarios de atenci\u00f3n son de 9 a 13 y de 17 a 20.<\/p>\n\n\n\n<p>En cuanto al estacionamiento para autos y motos, se adquiere de forma anticipada de forma online en Fullticket.com . Las personas que compran por internet pueden imprimir el ticket y llevarlo como comprobante. Tambi\u00e9n&nbsp;se puede comprar de forma presencial en la plaza Juan de Vera.<\/p>\n","protected":false},"excerpt":{"rendered":"<p>A partir de las 22 en cors\u00f3dromo Nono Alias.\u00a0\u00a0 Desde la empresa organizadora de los carnavales correntinos informaron c\u00f3mo ser\u00e1 el orden de ingreso de las comparsas para este viernes&hellip; <\/p>\n","protected":false},"author":4,"featured_media":39521,"comment_status":"closed","ping_status":"open","sticky":false,"template":"","format":"standard","meta":{"footnotes":""},"categories":[15],"tags":[],"class_list":["post-39519","post","type-post","status-publish","format-standard","has-post-thumbnail","hentry","category-cultura"],"_links":{"self":[{"href":"https:\/\/corrientesdetarde.com\/index.php\/wp-json\/wp\/v2\/posts\/39519","targetHints":{"allow":["GET"]}}],"collection":[{"href":"https:\/\/corrientesdetarde.com\/index.php\/wp-json\/wp\/v2\/posts"}],"about":[{"href":"https:\/\/corrientesdetarde.com\/index.php\/wp-json\/wp\/v2\/types\/post"}],"author":[{"embeddable":true,"href":"https:\/\/corrientesdetarde.com\/index.php\/wp-json\/wp\/v2\/users\/4"}],"replies":[{"embeddable":true,"href":"https:\/\/corrientesdetarde.com\/index.php\/wp-json\/wp\/v2\/comments?post=39519"}],"version-history":[{"count":1,"href":"https:\/\/corrientesdetarde.com\/index.php\/wp-json\/wp\/v2\/posts\/39519\/revisions"}],"predecessor-version":[{"id":39523,"href":"https:\/\/corrientesdetarde.com\/index.php\/wp-json\/wp\/v2\/posts\/39519\/revisions\/39523"}],"wp:featuredmedia":[{"embeddable":true,"href":"https:\/\/corrientesdetarde.com\/index.php\/wp-json\/wp\/v2\/media\/39521"}],"wp:attachment":[{"href":"https:\/\/corrientesdetarde.com\/index.php\/wp-json\/wp\/v2\/media?parent=39519"}],"wp:term":[{"taxonomy":"category","embeddable":true,"href":"https:\/\/corrientesdetarde.com\/index.php\/wp-json\/wp\/v2\/categories?post=39519"},{"taxonomy":"post_tag","embeddable":true,"href":"https:\/\/corrientesdetarde.com\/index.php\/wp-json\/wp\/v2\/tags?post=39519"}],"curies":[{"name":"wp","href":"https:\/\/api.w.org\/{rel}","templated":true}]}}