{"id":39524,"date":"2023-02-10T11:48:23","date_gmt":"2023-02-10T14:48:23","guid":{"rendered":"https:\/\/corrientesdetarde.com\/?p=39524"},"modified":"2023-02-10T11:48:26","modified_gmt":"2023-02-10T14:48:26","slug":"los-corsos-barriales-suman-una-nueva-fecha-este-fin-de-semana","status":"publish","type":"post","link":"https:\/\/corrientesdetarde.com\/index.php\/cultura\/los-corsos-barriales-suman-una-nueva-fecha-este-fin-de-semana\/","title":{"rendered":"Los corsos barriales suman una nueva fecha este fin de semana"},"content":{"rendered":"\n<p>El domingo habr\u00e1 desfile gratuito en Laguna Brava, en la cancha ubicada al lado de la delegaci\u00f3n municipal (Mocito Acu\u00f1a y 6 de Mayo). Esta propuesta ser\u00e1 paralela al corso que tendr\u00e1 lugar hoy y ma\u00f1ana en el Nolo Al\u00edas, las entradas ya est\u00e1n en venta.\u00a0\u00a0<\/p>\n\n\n\n<p>Con un desfile en Laguna Brava, el municipio capitalino suma una nueva fecha a los corsos barriales que, en esta oportunidad, contar\u00e1n con la participaci\u00f3n de siete de las 25 comparsas que desde hace semanas vienen recorriendo la ciudad en un escenario itinerante. Esta actividad ser\u00e1 gratuita y su realizaci\u00f3n es paralela al corso que hoy y ma\u00f1ana tendr\u00e1 lugar en el Nolo Al\u00edas y para el cual las entradas est\u00e1n a la venta. &nbsp;<\/p>\n\n\n\n<p>Con la participaci\u00f3n de siete comparsas y agrupaciones musicales, la Municipalidad de Corrientes, a trav\u00e9s de la Secretar\u00eda de Cultura y Educaci\u00f3n, realizar\u00e1 este domingo a partir de las 20 h, un corso en el barrio Laguna Brava. Ser\u00e1 con entrada gratuita en la cancha ubicada al lado de la delegaci\u00f3n municipal (Mocito Acu\u00f1a y 6 de Mayo).&nbsp;<\/p>\n\n\n\n<p>\u201cEs una actividad alternativa para que los vecinos de todos los barrios tengan la posibilidad de disfrutar de este espect\u00e1culo de fuerte identidad cultural y uno de los m\u00e1s importantes de la ciudad\u201d, expres\u00f3 el secretario de Cultura y Educaci\u00f3n, Jos\u00e9 Sand.&nbsp;<\/p>\n\n\n\n<p>Este desfile ser\u00e1 exclusivamente participativo y de exhibici\u00f3n pues su objetivo ser\u00e1 promocionar la identidad art\u00edstica y cultural de esta expresi\u00f3n correntina. As\u00ed participar\u00e1n las anfitrionas Yas\u00ed Por\u00e1, Belleza Tarag\u00fc\u00ed y la agrupaci\u00f3n humor\u00edstica Cacho y sus chicas 10, y se sumar\u00e1n Porto Carioca, Aram\u00fa, Furia Loca y Mit\u00e1 Por\u00e1, entre otras.&nbsp;<\/p>\n\n\n\n<p><strong>Nolo Al\u00edas&nbsp;<\/strong><\/p>\n\n\n\n<p>Otra de las alternativas confirmadas para este fin de semana ser\u00e1n los Carnavales en el cors\u00f3dromo Nolo Alias.&nbsp;<\/p>\n\n\n\n<p>La fiesta comenzar\u00e1 hoy a las 22 y desfilar\u00e1n en el siguiente orden: Imperio Bahiano, Kamandukahia, Copacabana, Sambanda, Ara Ber\u00e1, Samba Total, Arand\u00fa Beleza, Samba Show, Sapucay.&nbsp;<\/p>\n\n\n\n<p>Ma\u00f1ana la fiesta de Momo dar\u00e1 inicio a la misma hora con el siguiente cronograma: Samba Total, Sambanda, Arand\u00fa Beleza, Samba Show, Sapucay, Imperio Bahiano, Copacabana, Kamandukahia, Ara Ber\u00e1.&nbsp;<\/p>\n\n\n\n<p>Las entradas se adquieren en Plaza Vera: Jun\u00edn y San Juan (Corrientes), todos los d\u00edas de 9 a 13 y de 17 a 21. En tanto que la recarga de tarjetas, palcos, tribunas y estacionamiento se realizan a trav\u00e9s del siguiente link https:\/\/bit.ly\/3Hsk9dU o en el cors\u00f3dromo, desde las 20.&nbsp;<\/p>\n\n\n\n<p><strong>&nbsp;Alternativas &nbsp;<\/strong><\/p>\n\n\n\n<p>Por otra parte, la Feria de Artesanos que todos los fines de semana realiza el municipio se podr\u00e1 visitar hoy en la plaza Cabral (peatonal Jun\u00edn entre San Lorenzo y Santa Fe), mientras que s\u00e1bado y domingo se desarrollar\u00e1 en el espacio ubicado sobre avenida costanera Juan Pablo II y Las Heras. En ambos lugares, los feriantes estar\u00e1n de 9 a 21, con productos realizados en madera, hierro, adem\u00e1s de tejidos, entre otras manualidades, como as\u00ed tambi\u00e9n floricultura, dulces y platos regionales.&nbsp;<\/p>\n","protected":false},"excerpt":{"rendered":"<p>El domingo habr\u00e1 desfile gratuito en Laguna Brava, en la cancha ubicada al lado de la delegaci\u00f3n municipal (Mocito Acu\u00f1a y 6 de Mayo). Esta propuesta ser\u00e1 paralela al corso&hellip; <\/p>\n","protected":false},"author":4,"featured_media":39525,"comment_status":"closed","ping_status":"open","sticky":false,"template":"","format":"standard","meta":{"footnotes":""},"categories":[15],"tags":[],"class_list":["post-39524","post","type-post","status-publish","format-standard","has-post-thumbnail","hentry","category-cultura"],"_links":{"self":[{"href":"https:\/\/corrientesdetarde.com\/index.php\/wp-json\/wp\/v2\/posts\/39524","targetHints":{"allow":["GET"]}}],"collection":[{"href":"https:\/\/corrientesdetarde.com\/index.php\/wp-json\/wp\/v2\/posts"}],"about":[{"href":"https:\/\/corrientesdetarde.com\/index.php\/wp-json\/wp\/v2\/types\/post"}],"author":[{"embeddable":true,"href":"https:\/\/corrientesdetarde.com\/index.php\/wp-json\/wp\/v2\/users\/4"}],"replies":[{"embeddable":true,"href":"https:\/\/corrientesdetarde.com\/index.php\/wp-json\/wp\/v2\/comments?post=39524"}],"version-history":[{"count":1,"href":"https:\/\/corrientesdetarde.com\/index.php\/wp-json\/wp\/v2\/posts\/39524\/revisions"}],"predecessor-version":[{"id":39526,"href":"https:\/\/corrientesdetarde.com\/index.php\/wp-json\/wp\/v2\/posts\/39524\/revisions\/39526"}],"wp:featuredmedia":[{"embeddable":true,"href":"https:\/\/corrientesdetarde.com\/index.php\/wp-json\/wp\/v2\/media\/39525"}],"wp:attachment":[{"href":"https:\/\/corrientesdetarde.com\/index.php\/wp-json\/wp\/v2\/media?parent=39524"}],"wp:term":[{"taxonomy":"category","embeddable":true,"href":"https:\/\/corrientesdetarde.com\/index.php\/wp-json\/wp\/v2\/categories?post=39524"},{"taxonomy":"post_tag","embeddable":true,"href":"https:\/\/corrientesdetarde.com\/index.php\/wp-json\/wp\/v2\/tags?post=39524"}],"curies":[{"name":"wp","href":"https:\/\/api.w.org\/{rel}","templated":true}]}}