{"id":39527,"date":"2023-02-10T11:50:46","date_gmt":"2023-02-10T14:50:46","guid":{"rendered":"https:\/\/corrientesdetarde.com\/?p=39527"},"modified":"2023-02-10T11:50:51","modified_gmt":"2023-02-10T14:50:51","slug":"scaloni-nominado-a-mejor-tecnico-del-ano-por-la-fifa","status":"publish","type":"post","link":"https:\/\/corrientesdetarde.com\/index.php\/deportes\/scaloni-nominado-a-mejor-tecnico-del-ano-por-la-fifa\/","title":{"rendered":"Scaloni, nominado a mejor t\u00e9cnico del a\u00f1o por la FIFA"},"content":{"rendered":"\n<p>El director t\u00e9cnico del seleccionado argentino de f\u00fatbol campe\u00f3n del mundo\u00a0comparte la terna junto al italiano Carlo Ancelotti (Real Madrid) y el espa\u00f1ol Pep Guardiola. Los ganadores recoger\u00e1n el galard\u00f3n en Par\u00eds el pr\u00f3ximo lunes 27 de febrero.<\/p>\n\n\n\n<p>El director t\u00e9cnico del seleccionado argentino de f\u00fatbol campe\u00f3n del mundo, Lionel Scaloni, fue nominado este jueves por la FIFA como candidato a Entrenador del A\u00f1o en sus premios The Best.<\/p>\n\n\n\n<p>Scaloni comparte la terna junto al italiano Carlo Ancelotti&nbsp;(Real Madrid, ganador de la \u00faltima Champions League y Liga de Espa\u00f1a) y el espa\u00f1ol Pep Guardiola (campe\u00f3n con Manchester City de la Premier League de Inglaterra). Los ganadores recoger\u00e1n el galard\u00f3n en Par\u00eds el pr\u00f3ximo lunes 27 de febrero.<\/p>\n\n\n\n<p>Luego del reconocimiento de la IFFHS, Scaloni intentar\u00e1 ser el primer argentino en ganar el premio que ya tuvo como nominados a Mauricio Pochettino (2019) y Marcelo Bielsa (2020).<\/p>\n\n\n\n<figure class=\"wp-block-embed is-type-rich is-provider-twitter wp-block-embed-twitter\"><div class=\"wp-block-embed__wrapper\">\n<blockquote class=\"twitter-tweet\" data-width=\"550\" data-dnt=\"true\"><p lang=\"en\" dir=\"ltr\">The three finalists for <a href=\"https:\/\/twitter.com\/hashtag\/TheBest?src=hash&amp;ref_src=twsrc%5Etfw\">#TheBest<\/a> FIFA Men\u2019s Coach Award have been revealed! <br><br>\ud83c\uddea\ud83c\uddf8 <a href=\"https:\/\/twitter.com\/PepTeam?ref_src=twsrc%5Etfw\">@PepTeam<\/a> <br>\ud83c\udde6\ud83c\uddf7 <a href=\"https:\/\/twitter.com\/lioscaloni?ref_src=twsrc%5Etfw\">@lioscaloni<\/a> <br>\ud83c\uddee\ud83c\uddf9 <a href=\"https:\/\/twitter.com\/MrAncelotti?ref_src=twsrc%5Etfw\">@MrAncelotti<\/a><\/p>&mdash; FIFA World Cup (@FIFAWorldCup) <a href=\"https:\/\/twitter.com\/FIFAWorldCup\/status\/1623713945541279745?ref_src=twsrc%5Etfw\">February 9, 2023<\/a><\/blockquote><script async src=\"https:\/\/platform.twitter.com\/widgets.js\" charset=\"utf-8\"><\/script>\n<\/div><\/figure>\n\n\n\n<p>El viernes 10 de febrero se publicar\u00e1n los nombres de los finalistas de los premios The Best al Jugador de la FIFA (donde se descarta la presencia de Lionel Messi), as\u00ed como los finalistas del Premio Pusk\u00e1s de la FIFA.<\/p>\n\n\n\n<p>El mi\u00e9rcoles se dieron a conocer los ternados para arquero del a\u00f1o y el argentino Emiliano Mart\u00ednez tambi\u00e9n fue nominado.<\/p>\n","protected":false},"excerpt":{"rendered":"<p>El director t\u00e9cnico del seleccionado argentino de f\u00fatbol campe\u00f3n del mundo\u00a0comparte la terna junto al italiano Carlo Ancelotti (Real Madrid) y el espa\u00f1ol Pep Guardiola. Los ganadores recoger\u00e1n el galard\u00f3n&hellip; <\/p>\n","protected":false},"author":4,"featured_media":39529,"comment_status":"closed","ping_status":"open","sticky":false,"template":"","format":"standard","meta":{"footnotes":""},"categories":[4],"tags":[],"class_list":["post-39527","post","type-post","status-publish","format-standard","has-post-thumbnail","hentry","category-deportes"],"_links":{"self":[{"href":"https:\/\/corrientesdetarde.com\/index.php\/wp-json\/wp\/v2\/posts\/39527","targetHints":{"allow":["GET"]}}],"collection":[{"href":"https:\/\/corrientesdetarde.com\/index.php\/wp-json\/wp\/v2\/posts"}],"about":[{"href":"https:\/\/corrientesdetarde.com\/index.php\/wp-json\/wp\/v2\/types\/post"}],"author":[{"embeddable":true,"href":"https:\/\/corrientesdetarde.com\/index.php\/wp-json\/wp\/v2\/users\/4"}],"replies":[{"embeddable":true,"href":"https:\/\/corrientesdetarde.com\/index.php\/wp-json\/wp\/v2\/comments?post=39527"}],"version-history":[{"count":1,"href":"https:\/\/corrientesdetarde.com\/index.php\/wp-json\/wp\/v2\/posts\/39527\/revisions"}],"predecessor-version":[{"id":39530,"href":"https:\/\/corrientesdetarde.com\/index.php\/wp-json\/wp\/v2\/posts\/39527\/revisions\/39530"}],"wp:featuredmedia":[{"embeddable":true,"href":"https:\/\/corrientesdetarde.com\/index.php\/wp-json\/wp\/v2\/media\/39529"}],"wp:attachment":[{"href":"https:\/\/corrientesdetarde.com\/index.php\/wp-json\/wp\/v2\/media?parent=39527"}],"wp:term":[{"taxonomy":"category","embeddable":true,"href":"https:\/\/corrientesdetarde.com\/index.php\/wp-json\/wp\/v2\/categories?post=39527"},{"taxonomy":"post_tag","embeddable":true,"href":"https:\/\/corrientesdetarde.com\/index.php\/wp-json\/wp\/v2\/tags?post=39527"}],"curies":[{"name":"wp","href":"https:\/\/api.w.org\/{rel}","templated":true}]}}