{"id":39528,"date":"2023-02-10T11:52:18","date_gmt":"2023-02-10T14:52:18","guid":{"rendered":"https:\/\/corrientesdetarde.com\/?p=39528"},"modified":"2023-02-10T11:52:23","modified_gmt":"2023-02-10T14:52:23","slug":"voluntarios-organizan-una-jornada-para-conocer-y-adoptar-mascotas","status":"publish","type":"post","link":"https:\/\/corrientesdetarde.com\/index.php\/sociales\/voluntarios-organizan-una-jornada-para-conocer-y-adoptar-mascotas\/","title":{"rendered":"Voluntarios organizan una jornada para conocer y adoptar mascotas"},"content":{"rendered":"\n<p>La iniciativa busca poder brindarle una segunda oportunidad a perros y gatos rescatados.&nbsp;<\/p>\n\n\n\n<figure class=\"wp-block-image\"><img decoding=\"async\" src=\"https:\/\/pxc.cdn.ellitoral.com.ar\/litoral\/022023\/1676029238742.webp?cw=770&amp;ch=440&amp;extw=jpg\" alt=\"Voluntarios organizan una jornada para conocer y adoptar mascotas \"\/><\/figure>\n\n\n\n<p>La&nbsp;Red de Voluntarios y Rescatistas de Animales de Corrientes invita a las familias a participar de una&nbsp;&nbsp;<strong>Jornada de Adopci\u00f3n&nbsp; de animales rescatados en la Capital Correntina.&nbsp;<\/strong><\/p>\n\n\n\n<p>El evento estar\u00e1 organizado por la\u00a0\u00a0Red de Voluntarios,\u00a0 quienes desde su fundaci\u00f3n\u00a0\u00a0<strong>buscan rescatar, proteger y dar una nueva oportunidad a perros y gatos callejeros<\/strong>\u00a0 y brindarles una mejor calidad de vida a trav\u00e9s de la adopci\u00f3n responsable.\u00a0\u00a0<\/p>\n\n\n\n<p><strong>La Jornada de Adopci\u00f3n&nbsp;se llevar\u00e1 a cabo el Domingo 26 de febrero de 18 a 20:30&nbsp; en el Parque Camba Cu\u00e1<\/strong>,&nbsp; ubicado entre las calles&nbsp; Pellegrini y, 9 de Julio al 3400, informaron.&nbsp;<\/p>\n\n\n\n<figure class=\"wp-block-image\"><img decoding=\"async\" src=\"https:\/\/pxc.cdn.ellitoral.com.ar\/litoral\/022023\/1676029361016.webp?cw=613&amp;ch=738&amp;extw=jpg\" alt=\"Voluntarios organizan una jornada para conocer y adoptar mascotas \"\/><\/figure>\n\n\n\n<p>Es importante destacar el trabajo y dedicaci\u00f3n de los grupos rescatistas en Corrientes, quienes trabajan d\u00eda y noche por salvar y mejorar la vida de los peque\u00f1os animales sin ning\u00fan tipo de beneficio.&nbsp;<\/p>\n\n\n\n<p><strong>Para quienes deseen contactarse con la Organizaci\u00f3n podr\u00e1n hacer a trav\u00e9s de sus redes sociales&nbsp;<\/strong>&nbsp;&nbsp;<a href=\"https:\/\/www.instagram.com\/redrescatistas.ctes\/\">@<\/a><a href=\"https:\/\/www.instagram.com\/redrescatistas.ctes\/\">redrescatistas.ctes<\/a>&nbsp;&nbsp;<strong>o al los celulares&nbsp; 3794882118 &#8211; 3794233299.&nbsp;<\/strong><\/p>\n","protected":false},"excerpt":{"rendered":"<p>La iniciativa busca poder brindarle una segunda oportunidad a perros y gatos rescatados.&nbsp; La&nbsp;Red de Voluntarios y Rescatistas de Animales de Corrientes invita a las familias a participar de una&nbsp;&nbsp;Jornada&hellip; <\/p>\n","protected":false},"author":1,"featured_media":39531,"comment_status":"closed","ping_status":"open","sticky":false,"template":"","format":"standard","meta":{"footnotes":""},"categories":[26,17],"tags":[],"class_list":["post-39528","post","type-post","status-publish","format-standard","has-post-thumbnail","hentry","category-destacados","category-sociales"],"_links":{"self":[{"href":"https:\/\/corrientesdetarde.com\/index.php\/wp-json\/wp\/v2\/posts\/39528","targetHints":{"allow":["GET"]}}],"collection":[{"href":"https:\/\/corrientesdetarde.com\/index.php\/wp-json\/wp\/v2\/posts"}],"about":[{"href":"https:\/\/corrientesdetarde.com\/index.php\/wp-json\/wp\/v2\/types\/post"}],"author":[{"embeddable":true,"href":"https:\/\/corrientesdetarde.com\/index.php\/wp-json\/wp\/v2\/users\/1"}],"replies":[{"embeddable":true,"href":"https:\/\/corrientesdetarde.com\/index.php\/wp-json\/wp\/v2\/comments?post=39528"}],"version-history":[{"count":1,"href":"https:\/\/corrientesdetarde.com\/index.php\/wp-json\/wp\/v2\/posts\/39528\/revisions"}],"predecessor-version":[{"id":39532,"href":"https:\/\/corrientesdetarde.com\/index.php\/wp-json\/wp\/v2\/posts\/39528\/revisions\/39532"}],"wp:featuredmedia":[{"embeddable":true,"href":"https:\/\/corrientesdetarde.com\/index.php\/wp-json\/wp\/v2\/media\/39531"}],"wp:attachment":[{"href":"https:\/\/corrientesdetarde.com\/index.php\/wp-json\/wp\/v2\/media?parent=39528"}],"wp:term":[{"taxonomy":"category","embeddable":true,"href":"https:\/\/corrientesdetarde.com\/index.php\/wp-json\/wp\/v2\/categories?post=39528"},{"taxonomy":"post_tag","embeddable":true,"href":"https:\/\/corrientesdetarde.com\/index.php\/wp-json\/wp\/v2\/tags?post=39528"}],"curies":[{"name":"wp","href":"https:\/\/api.w.org\/{rel}","templated":true}]}}