{"id":39539,"date":"2023-02-10T12:37:39","date_gmt":"2023-02-10T15:37:39","guid":{"rendered":"https:\/\/corrientesdetarde.com\/?p=39539"},"modified":"2023-02-10T12:43:38","modified_gmt":"2023-02-10T15:43:38","slug":"con-mas-de-50-mil-personas-el-barrio-juan-de-vera-vivio-a-pleno-su-noche-de-carnaval","status":"publish","type":"post","link":"https:\/\/corrientesdetarde.com\/index.php\/cultura\/con-mas-de-50-mil-personas-el-barrio-juan-de-vera-vivio-a-pleno-su-noche-de-carnaval\/","title":{"rendered":"Con m\u00e1s de 50 mil personas, el barrio Juan de Vera vivi\u00f3 a pleno su noche de carnaval"},"content":{"rendered":"\n<p><em>El jueves, las m\u00e1s de 25 comparsas y agrupaciones que integran los Carnavales Barriales 2023 desfilaron en lo que se convirti\u00f3 la quinta noche carnestolenda. Ya est\u00e1 todo listo para el desfile en Laguna Brava y el gran cierre en la Costanera Sur con la presencia de Ar\u00e1 Ber\u00e1.<\/em><\/p>\n\n\n\n<figure class=\"wp-block-embed is-type-video is-provider-youtube wp-block-embed-youtube wp-embed-aspect-16-9 wp-has-aspect-ratio\"><div class=\"wp-block-embed__wrapper\">\n<iframe loading=\"lazy\" title=\"Con m\u00e1s de 50 mil personas, el barrioJuan de Vera vivi\u00f3 a pleno su noche de carnaval\" width=\"1110\" height=\"624\" src=\"https:\/\/www.youtube.com\/embed\/T61Ubo-UrKo?feature=oembed\" frameborder=\"0\" allow=\"accelerometer; autoplay; clipboard-write; encrypted-media; gyroscope; picture-in-picture; web-share\" allowfullscreen><\/iframe>\n<\/div><\/figure>\n\n\n\n<p>Nuevamente, el brillo y la alegr\u00eda de Momo llegaron al Juan de Vera. En esta oportunidad, el cors\u00f3dromo itinerante ubicado por avenida Col\u00f3n desde Z\u00e1rate hasta Ayolas cont\u00f3 con la participaci\u00f3n como invitadas de la agrupaci\u00f3n musical Imperio Bahiano que forma parte de los Corsos Oficiales y la comparsa Ita Puc\u00fa de la localidad de Mercedes.\u00a0<br><br>Los m\u00e1s de 50 mil presentes, entre vecinos y visitantes se acercaron a vivir esta fiesta que est\u00e1 llegando a su fin y que el martes que viene cerrar\u00e1 esta edici\u00f3n en la Costanera Sur, con la presentaci\u00f3n de la comparsa Ar\u00e1 Ber\u00e1.<br><br>El secretario de Cultura y Educaci\u00f3n, Jos\u00e9 Sand, presente en el Juan de Vera, se\u00f1al\u00f3: \u201cEstamos viviendo una verdadera fiesta de la familia, nuestro carnaval barrial cada noche nos sorprende con la convocatoria del p\u00fablico y lo comparseros con toda la energ\u00eda, brillando y derramando magia, la verdad que para nosotros son noches especiales porque llevamos el carnaval en la sangre\u201d.<\/p>\n\n\n\n<figure class=\"wp-block-image size-large\"><img loading=\"lazy\" decoding=\"async\" width=\"1024\" height=\"667\" src=\"https:\/\/corrientesdetarde.com\/wp-content\/uploads\/2023\/02\/Captura-de-pantalla-2023-02-10-123640-1024x667.png\" alt=\"\" class=\"wp-image-39541\" srcset=\"https:\/\/corrientesdetarde.com\/wp-content\/uploads\/2023\/02\/Captura-de-pantalla-2023-02-10-123640-1024x667.png 1024w, https:\/\/corrientesdetarde.com\/wp-content\/uploads\/2023\/02\/Captura-de-pantalla-2023-02-10-123640-300x195.png 300w, https:\/\/corrientesdetarde.com\/wp-content\/uploads\/2023\/02\/Captura-de-pantalla-2023-02-10-123640-768x500.png 768w, https:\/\/corrientesdetarde.com\/wp-content\/uploads\/2023\/02\/Captura-de-pantalla-2023-02-10-123640.png 1248w\" sizes=\"auto, (max-width: 1024px) 100vw, 1024px\" \/><\/figure>\n\n\n\n<p><br><br>\u201cLo maravilloso es ver que los vecinos nos acompa\u00f1an, vienen con sus silletas, en familia, entre amigos. Una verdadera fiesta, por eso, invitamos a todos a conocer la noche del carnaval barrial en las que realmente se van a divertir y pasar un momento muy especial en un escenario totalmente gratuito\u201d, agreg\u00f3 el funcionario.<br><br>Acompa\u00f1ando y bregando para que esta expresi\u00f3n cultural se haga sentir en toda la ciudad, el secretario destac\u00f3 adem\u00e1s que luego del paso de las comparsas por Laguna Brava, el martes 14 en Costanera Sur ser\u00e1 el cierre de esta edici\u00f3n y adem\u00e1s se termina el ciclo de competencias para conocer a las comparsas y agrupaciones ganadoras de este 2023.<br><br>REGRESO AL LAGUNA BRAVA<br><br>El domingo, a partir de las 20, la fiesta de color y alegr\u00eda desembarcar\u00e1 al Laguna Brava con el desfile de siete comparsas y agrupaciones musicales. Ser\u00e1 con entrada gratuita en la cancha ubicada al lado de la delegaci\u00f3n municipal.<br><br>De esta manera participar\u00e1n las anfitrionas Yas\u00ed Por\u00e1, Belleza Tarag\u00fc\u00ed y la agrupaci\u00f3n humor\u00edstica Cacho y sus chicas 10, y se sumar\u00e1n a esta fiesta de Momo, Porto Carioca, Aram\u00fa, Furia Loca y Mit\u00e1 Por\u00e1, entre otras.<\/p>\n","protected":false},"excerpt":{"rendered":"<p>El jueves, las m\u00e1s de 25 comparsas y agrupaciones que integran los Carnavales Barriales 2023 desfilaron en lo que se convirti\u00f3 la quinta noche carnestolenda. Ya est\u00e1 todo listo para&hellip; <\/p>\n","protected":false},"author":4,"featured_media":39540,"comment_status":"closed","ping_status":"open","sticky":false,"template":"","format":"standard","meta":{"footnotes":""},"categories":[15],"tags":[],"class_list":["post-39539","post","type-post","status-publish","format-standard","has-post-thumbnail","hentry","category-cultura"],"_links":{"self":[{"href":"https:\/\/corrientesdetarde.com\/index.php\/wp-json\/wp\/v2\/posts\/39539","targetHints":{"allow":["GET"]}}],"collection":[{"href":"https:\/\/corrientesdetarde.com\/index.php\/wp-json\/wp\/v2\/posts"}],"about":[{"href":"https:\/\/corrientesdetarde.com\/index.php\/wp-json\/wp\/v2\/types\/post"}],"author":[{"embeddable":true,"href":"https:\/\/corrientesdetarde.com\/index.php\/wp-json\/wp\/v2\/users\/4"}],"replies":[{"embeddable":true,"href":"https:\/\/corrientesdetarde.com\/index.php\/wp-json\/wp\/v2\/comments?post=39539"}],"version-history":[{"count":3,"href":"https:\/\/corrientesdetarde.com\/index.php\/wp-json\/wp\/v2\/posts\/39539\/revisions"}],"predecessor-version":[{"id":39544,"href":"https:\/\/corrientesdetarde.com\/index.php\/wp-json\/wp\/v2\/posts\/39539\/revisions\/39544"}],"wp:featuredmedia":[{"embeddable":true,"href":"https:\/\/corrientesdetarde.com\/index.php\/wp-json\/wp\/v2\/media\/39540"}],"wp:attachment":[{"href":"https:\/\/corrientesdetarde.com\/index.php\/wp-json\/wp\/v2\/media?parent=39539"}],"wp:term":[{"taxonomy":"category","embeddable":true,"href":"https:\/\/corrientesdetarde.com\/index.php\/wp-json\/wp\/v2\/categories?post=39539"},{"taxonomy":"post_tag","embeddable":true,"href":"https:\/\/corrientesdetarde.com\/index.php\/wp-json\/wp\/v2\/tags?post=39539"}],"curies":[{"name":"wp","href":"https:\/\/api.w.org\/{rel}","templated":true}]}}