{"id":39554,"date":"2023-02-10T13:18:14","date_gmt":"2023-02-10T16:18:14","guid":{"rendered":"https:\/\/corrientesdetarde.com\/?p=39554"},"modified":"2023-02-10T13:18:18","modified_gmt":"2023-02-10T16:18:18","slug":"estoy-rota-por-dentro-el-relato-de-una-argentina-que-perdio-15-familiares-por-el-terremoto","status":"publish","type":"post","link":"https:\/\/corrientesdetarde.com\/index.php\/actualidad\/estoy-rota-por-dentro-el-relato-de-una-argentina-que-perdio-15-familiares-por-el-terremoto\/","title":{"rendered":"&#8220;Estoy rota por dentro&#8221;: el relato de una argentina que perdi\u00f3 15 familiares por el terremoto"},"content":{"rendered":"\n<p>El programa Desayuno por Radio Dos habl\u00f3 con Celeste Panelo, una argentina que vive hace 10 a\u00f1os en Turqu\u00eda. Si bien ella vive lejos del epicentro del\u00a0 terremoto, perdi\u00f3 15 familiares y vive con angustia y miedo.\u00a0<\/p>\n\n\n\n<p>Celeste Panelo naci\u00f3 en Rafael Castillo pero hace 10 a\u00f1os vive en Turqu\u00eda. Habl\u00f3 con Radio Dos y cont\u00f3 que viven con miedo y alerta&nbsp; por las replicas que podr\u00edan darse del terremoto&nbsp; que sacudi\u00f3 ese pa\u00eds y ya se llev\u00f3 m\u00e1s de 20 mil vidas humanas. Critic\u00f3 la demora del gobierno de ese pa\u00eds para aceptar la ayuda humanitaria que llega desde todo el mundo.&nbsp;<br><br>Relat\u00f3 que la zona donde se produjo el&nbsp; terremoto es Hatay, lugar&nbsp; viv\u00edan hasta hace un tiempo antes de mudarse a Esmirna, donde tambi\u00e9n ya vivi\u00f3 el drama del terremoto.&nbsp; &#8220;Nosotros tenemos 15 familiares muertos por parte de mi marido. Fue horrible, una tragedia. No nos podemos comunicar con nadie. &#8220;, cont\u00f3 Celeste a Radio Dos<\/p>\n\n\n\n<p>Por otro lado critic\u00f3 al Gobierno por demorar la llegada de ayuda humanitaria. &#8220;Reci\u00e9n ahora en Hatay est\u00e1n moviliz\u00e1ndose para hacer el rescate. Hay personas desde hace muchas horas debajo de los escombros&#8221;, lament\u00f3.&nbsp;<\/p>\n\n\n\n<p>&#8220;Por lo general, en la parte de Hatay no es de haber terremotos. Donde yo vivo suelen suceder m\u00e1s. Hay mucha angustia&nbsp; porque hoy pas\u00f3 all\u00e1, pero puede pasar ma\u00f1ana ac\u00e1&#8221;, coment\u00f3 al respecto.<\/p>\n\n\n\n<p>&#8220;Los edificios son hist\u00f3ricos, viejos. Las nuevas edificaciones que hacen no son muy confiables. Toda la gente est\u00e1 durmiendo en autos, en carpas. La gente no entra por el miedo que hay&#8221; revel\u00f3 sobre el drama que viven.\u00a0<\/p>\n\n\n\n<p>FUENTE: LA DOS<\/p>\n","protected":false},"excerpt":{"rendered":"<p>El programa Desayuno por Radio Dos habl\u00f3 con Celeste Panelo, una argentina que vive hace 10 a\u00f1os en Turqu\u00eda. Si bien ella vive lejos del epicentro del\u00a0 terremoto, perdi\u00f3 15&hellip; <\/p>\n","protected":false},"author":1,"featured_media":39555,"comment_status":"closed","ping_status":"open","sticky":false,"template":"","format":"standard","meta":{"footnotes":""},"categories":[23],"tags":[],"class_list":["post-39554","post","type-post","status-publish","format-standard","has-post-thumbnail","hentry","category-actualidad"],"_links":{"self":[{"href":"https:\/\/corrientesdetarde.com\/index.php\/wp-json\/wp\/v2\/posts\/39554","targetHints":{"allow":["GET"]}}],"collection":[{"href":"https:\/\/corrientesdetarde.com\/index.php\/wp-json\/wp\/v2\/posts"}],"about":[{"href":"https:\/\/corrientesdetarde.com\/index.php\/wp-json\/wp\/v2\/types\/post"}],"author":[{"embeddable":true,"href":"https:\/\/corrientesdetarde.com\/index.php\/wp-json\/wp\/v2\/users\/1"}],"replies":[{"embeddable":true,"href":"https:\/\/corrientesdetarde.com\/index.php\/wp-json\/wp\/v2\/comments?post=39554"}],"version-history":[{"count":1,"href":"https:\/\/corrientesdetarde.com\/index.php\/wp-json\/wp\/v2\/posts\/39554\/revisions"}],"predecessor-version":[{"id":39556,"href":"https:\/\/corrientesdetarde.com\/index.php\/wp-json\/wp\/v2\/posts\/39554\/revisions\/39556"}],"wp:featuredmedia":[{"embeddable":true,"href":"https:\/\/corrientesdetarde.com\/index.php\/wp-json\/wp\/v2\/media\/39555"}],"wp:attachment":[{"href":"https:\/\/corrientesdetarde.com\/index.php\/wp-json\/wp\/v2\/media?parent=39554"}],"wp:term":[{"taxonomy":"category","embeddable":true,"href":"https:\/\/corrientesdetarde.com\/index.php\/wp-json\/wp\/v2\/categories?post=39554"},{"taxonomy":"post_tag","embeddable":true,"href":"https:\/\/corrientesdetarde.com\/index.php\/wp-json\/wp\/v2\/tags?post=39554"}],"curies":[{"name":"wp","href":"https:\/\/api.w.org\/{rel}","templated":true}]}}