{"id":39929,"date":"2023-02-12T08:52:25","date_gmt":"2023-02-12T11:52:25","guid":{"rendered":"https:\/\/corrientesdetarde.com\/?p=39929"},"modified":"2023-02-12T08:52:28","modified_gmt":"2023-02-12T11:52:28","slug":"ituzaingo-lo-atraparon-cuando-trataba-de-vender-un-celular-robado","status":"publish","type":"post","link":"https:\/\/corrientesdetarde.com\/index.php\/crimen-y-justicia\/ituzaingo-lo-atraparon-cuando-trataba-de-vender-un-celular-robado\/","title":{"rendered":"Ituzaing\u00f3: lo atraparon cuando trataba de vender un celular robado"},"content":{"rendered":"\n<p>El delincuente utiliz\u00f3 un arma de juguete para cometer el robo.<\/p>\n\n\n\n<p>Este viernes, efectivos de la Divisi\u00f3n Investigaciones dependientes de la Unidad Regional N\u00b0VI Ituzaing\u00f3, lograron la aprehensi\u00f3n del presunto autor&nbsp; del robo de dos celulares.<\/p>\n\n\n\n<p>Su detenci\u00f3n se produjo en momentos en que intentaba comercializar uno de los aparatos telef\u00f3nicos.<\/p>\n\n\n\n<p>El procedimiento lo efectuaron luego de ser alertados sobre un sujeto que, tras amenazar con una arma aunas personas (que se determin\u00f3 que era de juguete), sustrajo dos tel\u00e9fonos celulares.<\/p>\n\n\n\n<p>Los efectivos lograron localizar al presunto autor, quien result\u00f3 ser un joven de 19 a\u00f1os de edad.<\/p>\n\n\n\n<p>Fue en inmediaciones a la bajada de Prefectura en la costa del r\u00edo, en momentos en que trataba de comercializar dos tel\u00e9fonos celulares, siendo uno de ellos lo denunciado como sustra\u00eddo.<\/p>\n\n\n\n<p>El joven y lo secuestrado fueron puestos a disposici\u00f3n de la autoridad fiscal en turno, siendo trasladado a la Comisar\u00eda de distrito Primera a fin de proseguir con los tr\u00e1mites del caso.<\/p>\n","protected":false},"excerpt":{"rendered":"<p>El delincuente utiliz\u00f3 un arma de juguete para cometer el robo. Este viernes, efectivos de la Divisi\u00f3n Investigaciones dependientes de la Unidad Regional N\u00b0VI Ituzaing\u00f3, lograron la aprehensi\u00f3n del presunto&hellip; <\/p>\n","protected":false},"author":4,"featured_media":39930,"comment_status":"closed","ping_status":"open","sticky":false,"template":"","format":"standard","meta":{"footnotes":""},"categories":[5],"tags":[],"class_list":["post-39929","post","type-post","status-publish","format-standard","has-post-thumbnail","hentry","category-crimen-y-justicia"],"_links":{"self":[{"href":"https:\/\/corrientesdetarde.com\/index.php\/wp-json\/wp\/v2\/posts\/39929","targetHints":{"allow":["GET"]}}],"collection":[{"href":"https:\/\/corrientesdetarde.com\/index.php\/wp-json\/wp\/v2\/posts"}],"about":[{"href":"https:\/\/corrientesdetarde.com\/index.php\/wp-json\/wp\/v2\/types\/post"}],"author":[{"embeddable":true,"href":"https:\/\/corrientesdetarde.com\/index.php\/wp-json\/wp\/v2\/users\/4"}],"replies":[{"embeddable":true,"href":"https:\/\/corrientesdetarde.com\/index.php\/wp-json\/wp\/v2\/comments?post=39929"}],"version-history":[{"count":1,"href":"https:\/\/corrientesdetarde.com\/index.php\/wp-json\/wp\/v2\/posts\/39929\/revisions"}],"predecessor-version":[{"id":39931,"href":"https:\/\/corrientesdetarde.com\/index.php\/wp-json\/wp\/v2\/posts\/39929\/revisions\/39931"}],"wp:featuredmedia":[{"embeddable":true,"href":"https:\/\/corrientesdetarde.com\/index.php\/wp-json\/wp\/v2\/media\/39930"}],"wp:attachment":[{"href":"https:\/\/corrientesdetarde.com\/index.php\/wp-json\/wp\/v2\/media?parent=39929"}],"wp:term":[{"taxonomy":"category","embeddable":true,"href":"https:\/\/corrientesdetarde.com\/index.php\/wp-json\/wp\/v2\/categories?post=39929"},{"taxonomy":"post_tag","embeddable":true,"href":"https:\/\/corrientesdetarde.com\/index.php\/wp-json\/wp\/v2\/tags?post=39929"}],"curies":[{"name":"wp","href":"https:\/\/api.w.org\/{rel}","templated":true}]}}