{"id":39932,"date":"2023-02-12T08:54:35","date_gmt":"2023-02-12T11:54:35","guid":{"rendered":"https:\/\/corrientesdetarde.com\/?p=39932"},"modified":"2023-02-12T08:54:40","modified_gmt":"2023-02-12T11:54:40","slug":"sequia-en-corrientes-registraron-seis-focos-de-incendio-en-la-ultimas-horas","status":"publish","type":"post","link":"https:\/\/corrientesdetarde.com\/index.php\/locales\/sequia-en-corrientes-registraron-seis-focos-de-incendio-en-la-ultimas-horas\/","title":{"rendered":"Sequ\u00eda en Corrientes: registraron seis focos de incendio en la \u00faltimas horas"},"content":{"rendered":"\n<p>De esos focos, 4 permanecen activos y 1 est\u00e1\u00a0en observaci\u00f3n.<\/p>\n\n\n\n<p>El Comando Operativo de Emergencias (COE) de la provincia de Corrientes inform\u00f3 este s\u00e1bado 11 de febrero de 2023, que en las \u00faltimas horas se registraron 6 focos de incendios en Monte caseros (1), La Cruz (2), Concepci\u00f3n (1), Ituzaing\u00f3 (1), y Paso de la Patria (1).<\/p>\n\n\n\n<p>De esos focos, 4 permanecen activos y 1 est\u00e1 en observaci\u00f3n.<\/p>\n\n\n\n<p>El COE, cuyas instalaciones se encuentran en el Ministerio de Seguridad, tiene como objetivo definir las distintas acciones para hacer frente a eventuales focos \u00edgneos y para su prevenci\u00f3n, con la implementaci\u00f3n de equipos de \u00faltima tecnolog\u00eda. Est\u00e1 conformado por miembros del Gobierno provincial, del nacional, la Polic\u00eda de Corrientes, Bomberos Voluntarios, Ej\u00e9rcito, Prefectura Naval, Cruz Roja Internacional y el sector privado.<\/p>\n","protected":false},"excerpt":{"rendered":"<p>De esos focos, 4 permanecen activos y 1 est\u00e1\u00a0en observaci\u00f3n. El Comando Operativo de Emergencias (COE) de la provincia de Corrientes inform\u00f3 este s\u00e1bado 11 de febrero de 2023, que&hellip; <\/p>\n","protected":false},"author":4,"featured_media":39933,"comment_status":"closed","ping_status":"open","sticky":false,"template":"","format":"standard","meta":{"footnotes":""},"categories":[8],"tags":[],"class_list":["post-39932","post","type-post","status-publish","format-standard","has-post-thumbnail","hentry","category-locales"],"_links":{"self":[{"href":"https:\/\/corrientesdetarde.com\/index.php\/wp-json\/wp\/v2\/posts\/39932","targetHints":{"allow":["GET"]}}],"collection":[{"href":"https:\/\/corrientesdetarde.com\/index.php\/wp-json\/wp\/v2\/posts"}],"about":[{"href":"https:\/\/corrientesdetarde.com\/index.php\/wp-json\/wp\/v2\/types\/post"}],"author":[{"embeddable":true,"href":"https:\/\/corrientesdetarde.com\/index.php\/wp-json\/wp\/v2\/users\/4"}],"replies":[{"embeddable":true,"href":"https:\/\/corrientesdetarde.com\/index.php\/wp-json\/wp\/v2\/comments?post=39932"}],"version-history":[{"count":1,"href":"https:\/\/corrientesdetarde.com\/index.php\/wp-json\/wp\/v2\/posts\/39932\/revisions"}],"predecessor-version":[{"id":39934,"href":"https:\/\/corrientesdetarde.com\/index.php\/wp-json\/wp\/v2\/posts\/39932\/revisions\/39934"}],"wp:featuredmedia":[{"embeddable":true,"href":"https:\/\/corrientesdetarde.com\/index.php\/wp-json\/wp\/v2\/media\/39933"}],"wp:attachment":[{"href":"https:\/\/corrientesdetarde.com\/index.php\/wp-json\/wp\/v2\/media?parent=39932"}],"wp:term":[{"taxonomy":"category","embeddable":true,"href":"https:\/\/corrientesdetarde.com\/index.php\/wp-json\/wp\/v2\/categories?post=39932"},{"taxonomy":"post_tag","embeddable":true,"href":"https:\/\/corrientesdetarde.com\/index.php\/wp-json\/wp\/v2\/tags?post=39932"}],"curies":[{"name":"wp","href":"https:\/\/api.w.org\/{rel}","templated":true}]}}